{"id":2251,"date":"2014-09-08T19:52:58","date_gmt":"2014-09-08T19:52:58","guid":{"rendered":"https:\/\/centros.uepb.edu.br\/ccbsa\/?p=2251"},"modified":"2014-09-08T19:57:20","modified_gmt":"2014-09-08T19:57:20","slug":"direcao-do-ccbsa-informa-sobre-suspensao-de-atividades-nesta-segunda-feira-8-a-noite","status":"publish","type":"post","link":"https:\/\/centros.uepb.edu.br\/ccbsa\/direcao-do-ccbsa-informa-sobre-suspensao-de-atividades-nesta-segunda-feira-8-a-noite\/","title":{"rendered":"Dire\u00e7\u00e3o do CCBSA informa sobre suspens\u00e3o de atividades nesta segunda-feira (8) \u00e0 noite"},"content":{"rendered":"<p>A Dire\u00e7\u00e3o do CCBSA, informa a todos que, em virtude da falta de\u00a0energia el\u00e9trica,\u00a0n\u00e3o haver\u00e1 expediente na noite\u00a0desta segunda-feira, 8 de setembro. O problema j\u00e1 foi detectado e a equipe da Energisa encontra-se no local aguardando\u00a0o cessar\u00a0das chuvas para que possa ser efetuada a instala\u00e7\u00e3o do disjuntor necess\u00e1rio \u00e0 retomada da energia el\u00e9trica. Solicitamos \u00e0 comunidade acad\u00eamica que acompanhe as not\u00edcias nos meios de comunica\u00e7\u00e3o institucional (site e p\u00e1gina do Facebook)\u00a0para informa\u00e7\u00f5es atualizadas sobre\u00a0o retorno \u00e0s\u00a0atividades no Campus V.<\/p>\n<p>Atenciosamente,<\/p>\n<p>Dire\u00e7\u00e3o do CCBSA.<\/p>\n<p>&nbsp;<\/p>\n","protected":false},"excerpt":{"rendered":"<p>A Dire\u00e7\u00e3o do CCBSA, informa a todos que, em virtude da falta de\u00a0energia el\u00e9trica,\u00a0n\u00e3o haver\u00e1 expediente na noite\u00a0desta segunda-feira, 8 de setembro. O problema j\u00e1 foi detectado e a equipe da Energisa encontra-se no local aguardando\u00a0o cessar\u00a0das chuvas para que possa ser efetuada a instala\u00e7\u00e3o do disjuntor necess\u00e1rio \u00e0 retomada da energia el\u00e9trica. Solicitamos \u00e0 <a class=\"leiamais\" href=\"https:\/\/centros.uepb.edu.br\/ccbsa\/direcao-do-ccbsa-informa-sobre-suspensao-de-atividades-nesta-segunda-feira-8-a-noite\/\">Leia Mais&#8230;<\/a><\/p>\n","protected":false},"author":8,"featured_media":0,"comment_status":"closed","ping_status":"closed","sticky":false,"template":"","format":"standard","meta":{"footnotes":""},"categories":[3,5],"tags":[],"class_list":["post-2251","post","type-post","status-publish","format-standard","hentry","category-noticias","category-visiveis"],"jetpack_featured_media_url":"","_links":{"self":[{"href":"https:\/\/centros.uepb.edu.br\/ccbsa\/wp-json\/wp\/v2\/posts\/2251","targetHints":{"allow":["GET"]}}],"collection":[{"href":"https:\/\/centros.uepb.edu.br\/ccbsa\/wp-json\/wp\/v2\/posts"}],"about":[{"href":"https:\/\/centros.uepb.edu.br\/ccbsa\/wp-json\/wp\/v2\/types\/post"}],"author":[{"embeddable":true,"href":"https:\/\/centros.uepb.edu.br\/ccbsa\/wp-json\/wp\/v2\/users\/8"}],"replies":[{"embeddable":true,"href":"https:\/\/centros.uepb.edu.br\/ccbsa\/wp-json\/wp\/v2\/comments?post=2251"}],"version-history":[{"count":0,"href":"https:\/\/centros.uepb.edu.br\/ccbsa\/wp-json\/wp\/v2\/posts\/2251\/revisions"}],"wp:attachment":[{"href":"https:\/\/centros.uepb.edu.br\/ccbsa\/wp-json\/wp\/v2\/media?parent=2251"}],"wp:term":[{"taxonomy":"category","embeddable":true,"href":"https:\/\/centros.uepb.edu.br\/ccbsa\/wp-json\/wp\/v2\/categories?post=2251"},{"taxonomy":"post_tag","embeddable":true,"href":"https:\/\/centros.uepb.edu.br\/ccbsa\/wp-json\/wp\/v2\/tags?post=2251"}],"curies":[{"name":"wp","href":"https:\/\/api.w.org\/{rel}","templated":true}]}}