{"id":2234,"date":"2014-09-06T13:08:25","date_gmt":"2014-09-06T13:08:25","guid":{"rendered":"https:\/\/centros.uepb.edu.br\/ccbsa\/?p=2234"},"modified":"2014-09-09T14:30:47","modified_gmt":"2014-09-09T14:30:47","slug":"campus-v-realizacao-programacao-cientifica-e-cultural-para-comemorar-o-8o-aniversario","status":"publish","type":"post","link":"https:\/\/centros.uepb.edu.br\/ccbsa\/campus-v-realizacao-programacao-cientifica-e-cultural-para-comemorar-o-8o-aniversario\/","title":{"rendered":"Campus V realiza\u00e7\u00e3o programa\u00e7\u00e3o cient\u00edfica e cultural para comemorar o 8\u00ba anivers\u00e1rio"},"content":{"rendered":"<p>Mostra de trabalhos e projetos cient\u00edficos, mesas de discuss\u00e3o, minicursos, oficinas, palestras e apresenta\u00e7\u00f5es culturais, s\u00e3o atividades programadas para o 8\u00ba anivers\u00e1rio do Campus V da Universidade Estadual da Para\u00edba, que nesta edi\u00e7\u00e3o conta com o tema \u201cForma\u00e7\u00e3o Tecnocient\u00edfica e sustentabilidade: novos desafios \u00e0 cidadania\u201d. O evento ocorrer\u00e1 nos dias 9 e 10 de setembro, nas instala\u00e7\u00f5es do Centro de Ci\u00eancias Biol\u00f3gicas e Sociais Aplicadas, com a\u00e7\u00f5es que marcam a recep\u00e7\u00e3o aos calouros do per\u00edodo letivo 2014.2.<\/p>\n<p>A abertura ocorre nesta ter\u00e7a-feira, 9 de setembro, \u00e0s 8h, no audit\u00f3rio Pioneiros, com a palestra da professora N\u00fabia Martin, da Pro-reitoria Estudantil. Ainda no turno da manh\u00e3 ser\u00e1 realizada uma apresenta\u00e7\u00e3o da violonista e docente do CCBSA, Ana Cl\u00e1udia e exposi\u00e7\u00e3o de artesanato no corredor de entrada do Campus V.<\/p>\n<p>O primeiro dia de atividades ser\u00e1 encerrado com a mesa-redonda sobre conflitos ambientais, a ser realizada \u00e0s 18h30, no audit\u00f3rio Pioneiros, com a participa\u00e7\u00e3o da professora do CCBSA que desenvolve projetos na \u00e1rea de educa\u00e7\u00e3o ambiental e coleta seletiva, Maria de F\u00e1tima Ara\u00fajo, do empres\u00e1rio e especialista em res\u00edduos s\u00f3lidos, Fernando Ypl\u00e1, da mestre em Rela\u00e7\u00f5es Internacionais pela UEPB e assistente de pesquisa no projeto &#8220;Iniciativas Cidades Emergentes Sustent\u00e1veis (ICES)&#8221;, Mariana N\u00f3brega\u00a0 e o docente do curso de Ci\u00eancias Biol\u00f3gicas Cleber Salimon. A mesa ser\u00e1 mediada pelo professor Vancarder Brito. Durante todo o per\u00edodo da manh\u00e3 e noite ser\u00e1 realizada no p\u00e1tio do CCBSA a mostra de ensino, pesquisa e extens\u00e3o.<\/p>\n<p>O segundo dia de evento, 10 de setembro, contar\u00e1 com uma manh\u00e3 de atividades na \u00e1rea de Arquivologia, comtemplando o minicurso \u201cPreserva\u00e7\u00e3o e conserva\u00e7\u00e3o de documentos\u201d, a ser ministrado pelo professor Eutr\u00f3pio Bezerra, e as oficinas \u201cO saber-fazer do arquivista nas institui\u00e7\u00f5es: das MDA\u2019s \u00e0 gest\u00e3o de documentos\u201d, tendo como ministrante o arquivista Josivan Soares, e \u201cInstrumentos de gest\u00e3o: planos de classifica\u00e7\u00e3o e tabela de temporalidade de documentos\u201d, ministrada por Elaine Ferreira. Tais atividades devem ocorrer das 8 \u00e0s 12h.<\/p>\n<p>Na tarde do dia 10 est\u00e3o programadas palestras na \u00e1rea de Rela\u00e7\u00f5es Internacionais, tendo in\u00edcio \u00e0s 14h com uma discuss\u00e3o sobre RI e sustentabilidade, tendo como ministrante a professora Elia Elisa Alves, seguida da palestra \u201cEtnoci\u00eancia e sustentabilidade\u201d, a ser ministrada pelo professor M\u00e1rcio Adriano Dias. Essas atividades ocorrer\u00e3o no mini audit\u00f3rio do CCBSA. Durante toda a tarde haver\u00e1 a exposi\u00e7\u00e3o de artesanato no corredor de entrada do Campus V.<\/p>\n<p>Tamb\u00e9m ser\u00e1 realizada, das 8h \u00e0s 17h, no audit\u00f3rio Pioneiros e laborat\u00f3rios do CCBSA uma programa\u00e7\u00e3o especial voltada ao curso de Ci\u00eancias Biol\u00f3gicas em alus\u00e3o ao Dia do Bi\u00f3logo, comemorado em 3 de setembro. A programa\u00e7\u00e3o re\u00fane palestras e minicursos nas \u00e1reas de Limnologia, morfologia das Pterid\u00f3fitas, Biosseguran\u00e7a, Taxidermia, Gen\u00e9tica Forense, Bioac\u00fastica de peixes, mecanismo MXR como biomarcador de contamina\u00e7\u00e3o aqu\u00e1tica, \u00e1reas de atua\u00e7\u00e3o do bi\u00f3logo e BICA &#8211; Do Lazer \u00e0 Conserva\u00e7\u00e3o. As atividades ter\u00e3o carga hor\u00e1ria de 10h, e todos os participantes ter\u00e3o direito a certificado.<\/p>\n<p>O evento ser\u00e1 encerrado no dia 10 de setembro, \u00e0s 18, no audit\u00f3rio Pioneiros, com a palestra \u201cA pesquisa cient\u00edfica na UEPB e no Brasil\u201d, que ser\u00e1 ministrada pelo pro-reitor adjunto de P\u00f3s-gradua\u00e7\u00e3o e pesquisa da UEPB, Ant\u00f4nio Carlos de Melo Magalh\u00e3es, seguida de recital de Cordel com Jo\u00e3o Amorim, e apresenta\u00e7\u00e3o da Arquibanda, formada pelo professor Henrique Fran\u00e7a e pelos estudantes Jan Lima, Antongnionne Cavalcanti Monteiro, \u00cdtalo Campos, Gabriel Lacerda e Alefe Jonatha, esta \u00faltima atividade ocorre no P\u00e1tio do CCBSA.<\/p>\n<p>Confira a programa\u00e7\u00e3o completa do evento [wpfilebase tag=fileurl id=104 linktext=aqui \/].<\/p>\n<p><strong>Hist\u00f3rico<\/strong><\/p>\n<p>Criado em 2006, ap\u00f3s a conquista da autonomia financeira que viabilizou a expans\u00e3o da UEPB, o Campus V \u2013 Ministro Alcides Carneiro trouxe para o litoral do Estado cursos pioneiros e forma\u00e7\u00f5es com o intuito de atender a uma demanda local, como os Bacharelados em Arquivologia, Rela\u00e7\u00f5es Internacionais e Ci\u00eancias Biol\u00f3gicas.<\/p>\n<p>A escolha de Alcides Carneiro para nomear o CCBSA deu-se por ocasi\u00e3o do centen\u00e1rio de nascimento do paraibano, completado em 2006. Al\u00e9m disso, foi considerada a relevante atua\u00e7\u00e3o do homenageado, tanto como homem p\u00fablico, tendo sido Deputado Constituinte em 1946, assumido interinamente a Presid\u00eancia da Rep\u00fablica e exercido outros cargos no \u00e2mbito federal, e tamb\u00e9m como homem das letras, tendo sido imortalizado pela Academia Paraibana de Letras.<\/p>\n<p>Atualmente, o Campus V abrange os bacharelados em Arquivologia, Ci\u00eancias Biol\u00f3gicas e Rela\u00e7\u00f5es Internacionais, Mestrado em Rela\u00e7\u00f5es Internacionais, N\u00facleo de L\u00ednguas e um polo de Educa\u00e7\u00e3o a Dist\u00e2ncia, que funciona na Av. Coremas, 332 \u2013 Centro, e oferece cursos de gradua\u00e7\u00e3o em Letras e Geografia, voltados aos professores da rede p\u00fablica de ensino (estadual e municipal), inscritos no Plano de A\u00e7\u00f5es Articuladas (PAR) do Governo Federal e as gradua\u00e7\u00f5es em Administra\u00e7\u00e3o P\u00fablica e em Pedagogia, esta \u00faltima presencial, com aulas aos s\u00e1bados.<\/p>\n<p>O CCBSA tamb\u00e9m sedia as aulas do curso de Licenciatura em Pedagogia destinado \u00e0 forma\u00e7\u00e3o de professores e a Especializa\u00e7\u00e3o em Fundamentos da Educa\u00e7\u00e3o, que \u00e9 voltada aos professores efetivos da Rede Estadual de Ensino, com curso de gradua\u00e7\u00e3o, al\u00e9m de t\u00e9cnicos e administradores escolares tamb\u00e9m com gradua\u00e7\u00e3o conclu\u00edda e a Especializa\u00e7\u00e3o em Fundamentos da Educa\u00e7\u00e3o.<\/p>\n","protected":false},"excerpt":{"rendered":"<p>Mostra de trabalhos e projetos cient\u00edficos, mesas de discuss\u00e3o, minicursos, oficinas, palestras e apresenta\u00e7\u00f5es culturais, s\u00e3o atividades programadas para o 8\u00ba anivers\u00e1rio do Campus V da Universidade Estadual da Para\u00edba, que nesta edi\u00e7\u00e3o conta com o tema \u201cForma\u00e7\u00e3o Tecnocient\u00edfica e sustentabilidade: novos desafios \u00e0 cidadania\u201d. O evento ocorrer\u00e1 nos dias 9 e 10 de setembro, <a class=\"leiamais\" href=\"https:\/\/centros.uepb.edu.br\/ccbsa\/campus-v-realizacao-programacao-cientifica-e-cultural-para-comemorar-o-8o-aniversario\/\">Leia Mais&#8230;<\/a><\/p>\n","protected":false},"author":8,"featured_media":2235,"comment_status":"closed","ping_status":"closed","sticky":false,"template":"","format":"standard","meta":{"footnotes":""},"categories":[6],"tags":[],"class_list":["post-2234","post","type-post","status-publish","format-standard","has-post-thumbnail","hentry","category-slide"],"jetpack_featured_media_url":"https:\/\/centros.uepb.edu.br\/ccbsa\/files\/2014\/09\/ARTE.png","_links":{"self":[{"href":"https:\/\/centros.uepb.edu.br\/ccbsa\/wp-json\/wp\/v2\/posts\/2234","targetHints":{"allow":["GET"]}}],"collection":[{"href":"https:\/\/centros.uepb.edu.br\/ccbsa\/wp-json\/wp\/v2\/posts"}],"about":[{"href":"https:\/\/centros.uepb.edu.br\/ccbsa\/wp-json\/wp\/v2\/types\/post"}],"author":[{"embeddable":true,"href":"https:\/\/centros.uepb.edu.br\/ccbsa\/wp-json\/wp\/v2\/users\/8"}],"replies":[{"embeddable":true,"href":"https:\/\/centros.uepb.edu.br\/ccbsa\/wp-json\/wp\/v2\/comments?post=2234"}],"version-history":[{"count":0,"href":"https:\/\/centros.uepb.edu.br\/ccbsa\/wp-json\/wp\/v2\/posts\/2234\/revisions"}],"wp:featuredmedia":[{"embeddable":true,"href":"https:\/\/centros.uepb.edu.br\/ccbsa\/wp-json\/wp\/v2\/media\/2235"}],"wp:attachment":[{"href":"https:\/\/centros.uepb.edu.br\/ccbsa\/wp-json\/wp\/v2\/media?parent=2234"}],"wp:term":[{"taxonomy":"category","embeddable":true,"href":"https:\/\/centros.uepb.edu.br\/ccbsa\/wp-json\/wp\/v2\/categories?post=2234"},{"taxonomy":"post_tag","embeddable":true,"href":"https:\/\/centros.uepb.edu.br\/ccbsa\/wp-json\/wp\/v2\/tags?post=2234"}],"curies":[{"name":"wp","href":"https:\/\/api.w.org\/{rel}","templated":true}]}}