{"id":2217,"date":"2014-09-04T16:50:48","date_gmt":"2014-09-04T16:50:48","guid":{"rendered":"https:\/\/centros.uepb.edu.br\/ccbsa\/?p=2217"},"modified":"2014-09-04T16:51:10","modified_gmt":"2014-09-04T16:51:10","slug":"dia-do-biologo-sera-celebrado-no-ccbsa-dia-10-de-setembro-com-palestras-e-minicursos","status":"publish","type":"post","link":"https:\/\/centros.uepb.edu.br\/ccbsa\/dia-do-biologo-sera-celebrado-no-ccbsa-dia-10-de-setembro-com-palestras-e-minicursos\/","title":{"rendered":"Dia do Bi\u00f3logo ser\u00e1 celebrado no CCBSA dia 10 de setembro com palestras e minicursos"},"content":{"rendered":"<p>Com o intuito de celebrar o dia do Bi\u00f3logo, comemorado em 3 setembro, data em que a profiss\u00e3o foi regulamentada, o novo Centro Acad\u00eamico do curso de Ci\u00eancias Biol\u00f3gicas do Campus V da Universidade Estadual da Para\u00edba, denominado \u201cRevolu\u00e7\u00e3o Verde\u201d, com o apoio da comiss\u00e3o organizadora do 8\u00ba anivers\u00e1rio do Centro de Ci\u00eancias Biol\u00f3gicas e Sociais Aplicadas, promove, no dia 10 de setembro, o Dia do Bi\u00f3logo, que re\u00fane uma s\u00e9rie de atividades comemorativas voltadas aos estudantes, docentes e pesquisadores da \u00e1rea.<\/p>\n<p>Durante o evento, que ocorre das 8h \u00e0s 17h, no audit\u00f3rio Pioneiros e laborat\u00f3rios do CCBSA, ser\u00e3o realizadas palestras e minicursos nas \u00e1reas de Limnologia, morfologia das Pterid\u00f3fitas, Biosseguran\u00e7a, Taxidermia, Gen\u00e9tica Forense, Bioac\u00fastica de peixes, mecanismo MXR como biomarcador de contamina\u00e7\u00e3o aqu\u00e1tica, \u00e1reas de atua\u00e7\u00e3o do bi\u00f3logo e BICA &#8211; Do Lazer \u00e0 Conserva\u00e7\u00e3o.<\/p>\n<p>As atividades ter\u00e3o carga hor\u00e1ria de 10h, e todos os participantes ter\u00e3o direito a certificado.<\/p>\n<p><strong>CA Revolu\u00e7\u00e3o Verde<\/strong><\/p>\n<p>O dia do bi\u00f3logo ser\u00e1 a oportunidade de contato da comunidade do curso de Ci\u00eancias Biol\u00f3gicas com o novo Centro Acad\u00eamico \u201cRevolu\u00e7\u00e3o Verde\u201d, eleito recentemente, com o objetivo de manter, segundo os estudantes rec\u00e9m-empossados, um canal direto e permanente com os demais discentes do curso, realizando discuss\u00f5es, debates, palestras e reuni\u00f5es e garantindo o contato com os \u00f3rg\u00e3os de representa\u00e7\u00e3o geral (DCEs, Coordena\u00e7\u00e3o de curso, dire\u00e7\u00e3o de Centro).<\/p>\n<p>Integram a nova gest\u00e3o os discentes Allisson da Silva, Anderson Kelvin, C\u00e9sar Costa, Daniela Dantas, J\u00f4ingrid da Silva, Jorge Alves, Peter Simon, Scarlet Lima e T\u00falio Pedro.<\/p>\n<p>Outras informa\u00e7\u00f5es: <a href=\"http:\/\/carevolucaoverde.wix.com\/biologia\">http:\/\/carevolucaoverde.wix.com\/biologia<\/a><\/p>\n","protected":false},"excerpt":{"rendered":"<p>Com o intuito de celebrar o dia do Bi\u00f3logo, comemorado em 3 setembro, data em que a profiss\u00e3o foi regulamentada, o novo Centro Acad\u00eamico do curso de Ci\u00eancias Biol\u00f3gicas do Campus V da Universidade Estadual da Para\u00edba, denominado \u201cRevolu\u00e7\u00e3o Verde\u201d, com o apoio da comiss\u00e3o organizadora do 8\u00ba anivers\u00e1rio do Centro de Ci\u00eancias Biol\u00f3gicas e <a class=\"leiamais\" href=\"https:\/\/centros.uepb.edu.br\/ccbsa\/dia-do-biologo-sera-celebrado-no-ccbsa-dia-10-de-setembro-com-palestras-e-minicursos\/\">Leia Mais&#8230;<\/a><\/p>\n","protected":false},"author":8,"featured_media":2218,"comment_status":"closed","ping_status":"closed","sticky":false,"template":"","format":"standard","meta":{"footnotes":""},"categories":[6],"tags":[],"class_list":["post-2217","post","type-post","status-publish","format-standard","has-post-thumbnail","hentry","category-slide"],"jetpack_featured_media_url":"https:\/\/centros.uepb.edu.br\/ccbsa\/files\/2014\/09\/10435614_1460154214258872_8009585139037009715_n.jpg","_links":{"self":[{"href":"https:\/\/centros.uepb.edu.br\/ccbsa\/wp-json\/wp\/v2\/posts\/2217","targetHints":{"allow":["GET"]}}],"collection":[{"href":"https:\/\/centros.uepb.edu.br\/ccbsa\/wp-json\/wp\/v2\/posts"}],"about":[{"href":"https:\/\/centros.uepb.edu.br\/ccbsa\/wp-json\/wp\/v2\/types\/post"}],"author":[{"embeddable":true,"href":"https:\/\/centros.uepb.edu.br\/ccbsa\/wp-json\/wp\/v2\/users\/8"}],"replies":[{"embeddable":true,"href":"https:\/\/centros.uepb.edu.br\/ccbsa\/wp-json\/wp\/v2\/comments?post=2217"}],"version-history":[{"count":0,"href":"https:\/\/centros.uepb.edu.br\/ccbsa\/wp-json\/wp\/v2\/posts\/2217\/revisions"}],"wp:featuredmedia":[{"embeddable":true,"href":"https:\/\/centros.uepb.edu.br\/ccbsa\/wp-json\/wp\/v2\/media\/2218"}],"wp:attachment":[{"href":"https:\/\/centros.uepb.edu.br\/ccbsa\/wp-json\/wp\/v2\/media?parent=2217"}],"wp:term":[{"taxonomy":"category","embeddable":true,"href":"https:\/\/centros.uepb.edu.br\/ccbsa\/wp-json\/wp\/v2\/categories?post=2217"},{"taxonomy":"post_tag","embeddable":true,"href":"https:\/\/centros.uepb.edu.br\/ccbsa\/wp-json\/wp\/v2\/tags?post=2217"}],"curies":[{"name":"wp","href":"https:\/\/api.w.org\/{rel}","templated":true}]}}