{"id":2210,"date":"2014-08-29T12:12:43","date_gmt":"2014-08-29T12:12:43","guid":{"rendered":"https:\/\/centros.uepb.edu.br\/ccbsa\/?p=2210"},"modified":"2014-08-29T12:12:43","modified_gmt":"2014-08-29T12:12:43","slug":"seminario-de-relacoes-internacionais-e-realizado-com-a-participacao-de-pesquisadores-de-todo-o-pais","status":"publish","type":"post","link":"https:\/\/centros.uepb.edu.br\/ccbsa\/seminario-de-relacoes-internacionais-e-realizado-com-a-participacao-de-pesquisadores-de-todo-o-pais\/","title":{"rendered":"Semin\u00e1rio de Rela\u00e7\u00f5es Internacionais \u00e9 realizado com a participa\u00e7\u00e3o de pesquisadores de todo o pa\u00eds"},"content":{"rendered":"<p>Com o objetivo de debater o objeto de estudo e os programas de ensino dos cursos de Rela\u00e7\u00f5es Internacionais em todo o pa\u00eds, a Associa\u00e7\u00e3o Brasileira de Rela\u00e7\u00f5es Interacionais, com o apoio da comiss\u00e3o organizadora local sob a responsabilidade da Universidade Estadual da Para\u00edba, promove o \u201c2\u00ba Semin\u00e1rio de Rela\u00e7\u00f5es Internacionais: Gradua\u00e7\u00e3o e P\u00f3s-gradua\u00e7\u00e3o\u201d, que teve in\u00edcio nesta quinta-feira (28), na Academia da Policia Militar da Para\u00edba, localizado \u00e0 Rodovia Ministro Abelardo Jurema, PB 008, KM 07, Jacarap\u00e9, Jo\u00e3o Pessoa.<\/p>\n<p>O evento foi iniciado com o minicurso \u201cEnsino e Aprendizado Ativo em Rela\u00e7\u00f5es Internacionais\u201d, tendo como facilitadores os pesquisadores Cristina Yumie Aoki Inoue (IREL-UnB) e Marcelo Valen\u00e7a (UERJ). Na manh\u00e3 desta quinta-feira, o evento contou com a mesa redonda \u201cDesafios e abordagem poss\u00edveis da adapta\u00e7\u00e3o dos Cursos de Gradua\u00e7\u00e3o em Rela\u00e7\u00f5es Internacionais \u00e0s Diretrizes Curriculares Nacionais\u201d com a participa\u00e7\u00e3o dos professores Alexandre Uehara, da Faculdades Rio Branco,\u00a0Paulo Kuhlmann, da UEPB, Jorge Lasmar, da PUC Minas e Ant\u00f4nio Carlos Lessa, da UnB, tendo o professor T\u00falio Ferreira da UFPB como coordenador, al\u00e9m da exposi\u00e7\u00e3o de pain\u00e9is.<\/p>\n<p>A tarde da quinta-feira foi marcada pelos workshops doutorais nas \u00e1reas de \u201cEconomia pol\u00edtica e an\u00e1lise de pol\u00edtica externa\u201d, \u201cSeguran\u00e7a internacional\u201d e \u201cEstudos cr\u00edticos e p\u00f3s-colonialismo\u201d, al\u00e9m da mesa redonda \u201cMesa Redonda: Desafios da elabora\u00e7\u00e3o e implementa\u00e7\u00e3o do ENADE \u00e0 luz das novas Diretrizes Curriculares Nacionais\u201d, com a participa\u00e7\u00e3o dos pesquisadores Raquel Leal de Melo, da UEPB,<br \/>\nAndr\u00e9 Luiz Reis, da UFRGS e Tania Manzur, da UnB, com a coordena\u00e7\u00e3o do professor Ant\u00f4nio Carlos Lessa, da UnB. Ainda no turno da tarde houve exposi\u00e7\u00e3o e pain\u00e9is, f\u00f3rum de gradua\u00e7\u00e3o e f\u00f3rum de editores.<\/p>\n<p>E a noite do primeiro dia de evento contou com a mesa-redonda \u201cOs BRICS e as Transforma\u00e7\u00f5es na Ordem Global\u201d, tendo como expositores os professores Paulo Esteves, integrante do Centro de Pol\u00edtica do BRICS, Alcides Vaz, da UnB,\u00a0Marcos Costa Lima, da UFPE e Ivan Oliveira, do IPEA, tendo o professor da UEPB, Henrique Altemani como coordenador.<\/p>\n<p>Com o tema \u201cOs BRICS e as transforma\u00e7\u00f5es da ordem global\u201d o evento prossegue nesta sexta-feira com minicurso, mesa de discuss\u00e3o, workshops e pain\u00e9is com a participa\u00e7\u00e3o de pesquisadores renomados na \u00e1rea de Rela\u00e7\u00f5es Internacionais em todo o pa\u00eds.<\/p>\n<p>O semin\u00e1rio, que \u00e9 realizado pela primeira vez em Jo\u00e3o Pessoa, \u00e9 um evento intermedi\u00e1rio ao Encontro Nacional da ABRI, ocorrendo a cada dois anos e re\u00fane pesquisadores e alunos da gradua\u00e7\u00e3o e p\u00f3s-gradua\u00e7\u00e3o em rela\u00e7\u00f5es internacionais de todo o Brasil. Nesta edi\u00e7\u00e3o, a UEPB ser\u00e1 a respons\u00e1vel por providenciar o material gr\u00e1fico e transporte do evento, al\u00e9m de contar com os docentes da gradua\u00e7\u00e3o e da p\u00f3s-gradua\u00e7\u00e3o em Rela\u00e7\u00f5es Internacionais, Ana Paula Maielo, Alexandre C\u00e9sar Leite e Filipe Reis Melo, integrando a comiss\u00e3o organizadora local, e Henrique Altemani de Oliveira, como membro da comiss\u00e3o acad\u00eamica e cient\u00edfica. Al\u00e9m disso, o professor do mestrado e respons\u00e1vel pela Coordenadoria de Rela\u00e7\u00f5es Internacionais da UEPB (CoRI), Carlos Enrique Ruiz \u00e9 membro da diretoria da ABRI.<\/p>\n<p>De acordo com a comiss\u00e3o organizadora na medida em que h\u00e1 um evidente crescimento da \u00e1rea de Rela\u00e7\u00f5es Internacionais no Brasil, reunindo atualmente cerca de 130 cursos de gradua\u00e7\u00e3o e 12 programas de p\u00f3s-gradua\u00e7\u00e3o, cresce tamb\u00e9m a necessidade de promover e aprofundar o debate sobre o seu objeto espec\u00edfico de estudo e criar novas oportunidades de interc\u00e2mbio entre professores, pesquisadores e alunos, buscando contribuir para melhor qualificar os programas de ensino e essa \u00e9 a perspectiva desse semin\u00e1rio.<\/p>\n","protected":false},"excerpt":{"rendered":"<p>Com o objetivo de debater o objeto de estudo e os programas de ensino dos cursos de Rela\u00e7\u00f5es Internacionais em todo o pa\u00eds, a Associa\u00e7\u00e3o Brasileira de Rela\u00e7\u00f5es Interacionais, com o apoio da comiss\u00e3o organizadora local sob a responsabilidade da Universidade Estadual da Para\u00edba, promove o \u201c2\u00ba Semin\u00e1rio de Rela\u00e7\u00f5es Internacionais: Gradua\u00e7\u00e3o e P\u00f3s-gradua\u00e7\u00e3o\u201d, que <a class=\"leiamais\" href=\"https:\/\/centros.uepb.edu.br\/ccbsa\/seminario-de-relacoes-internacionais-e-realizado-com-a-participacao-de-pesquisadores-de-todo-o-pais\/\">Leia Mais&#8230;<\/a><\/p>\n","protected":false},"author":8,"featured_media":2143,"comment_status":"closed","ping_status":"closed","sticky":false,"template":"","format":"standard","meta":{"footnotes":""},"categories":[6],"tags":[],"class_list":["post-2210","post","type-post","status-publish","format-standard","has-post-thumbnail","hentry","category-slide"],"jetpack_featured_media_url":"https:\/\/centros.uepb.edu.br\/ccbsa\/files\/2014\/08\/SEMIN\u00c1RIO-ABRI.jpg","_links":{"self":[{"href":"https:\/\/centros.uepb.edu.br\/ccbsa\/wp-json\/wp\/v2\/posts\/2210","targetHints":{"allow":["GET"]}}],"collection":[{"href":"https:\/\/centros.uepb.edu.br\/ccbsa\/wp-json\/wp\/v2\/posts"}],"about":[{"href":"https:\/\/centros.uepb.edu.br\/ccbsa\/wp-json\/wp\/v2\/types\/post"}],"author":[{"embeddable":true,"href":"https:\/\/centros.uepb.edu.br\/ccbsa\/wp-json\/wp\/v2\/users\/8"}],"replies":[{"embeddable":true,"href":"https:\/\/centros.uepb.edu.br\/ccbsa\/wp-json\/wp\/v2\/comments?post=2210"}],"version-history":[{"count":0,"href":"https:\/\/centros.uepb.edu.br\/ccbsa\/wp-json\/wp\/v2\/posts\/2210\/revisions"}],"wp:featuredmedia":[{"embeddable":true,"href":"https:\/\/centros.uepb.edu.br\/ccbsa\/wp-json\/wp\/v2\/media\/2143"}],"wp:attachment":[{"href":"https:\/\/centros.uepb.edu.br\/ccbsa\/wp-json\/wp\/v2\/media?parent=2210"}],"wp:term":[{"taxonomy":"category","embeddable":true,"href":"https:\/\/centros.uepb.edu.br\/ccbsa\/wp-json\/wp\/v2\/categories?post=2210"},{"taxonomy":"post_tag","embeddable":true,"href":"https:\/\/centros.uepb.edu.br\/ccbsa\/wp-json\/wp\/v2\/tags?post=2210"}],"curies":[{"name":"wp","href":"https:\/\/api.w.org\/{rel}","templated":true}]}}