{"id":2201,"date":"2014-08-27T11:51:32","date_gmt":"2014-08-27T11:51:32","guid":{"rendered":"https:\/\/centros.uepb.edu.br\/ccbsa\/?p=2201"},"modified":"2014-08-27T11:51:32","modified_gmt":"2014-08-27T11:51:32","slug":"direcao-do-ccbsa-informa-sobre-ponto-facultativo-na-manha-do-dia-3-de-setembro","status":"publish","type":"post","link":"https:\/\/centros.uepb.edu.br\/ccbsa\/direcao-do-ccbsa-informa-sobre-ponto-facultativo-na-manha-do-dia-3-de-setembro\/","title":{"rendered":"Dire\u00e7\u00e3o do CCBSA informa sobre ponto facultativo na manh\u00e3 do dia 3 de setembro"},"content":{"rendered":"<p>A dire\u00e7\u00e3o de Centro de Ci\u00eancias Biol\u00f3gicas e Sociais Aplicadas informa aos discentes, docentes e t\u00e9cnicos-administrativos do Campus V que, em virtude da interdi\u00e7\u00e3o do tr\u00e2nsito na\u00a0rua Hor\u00e1cio Trajano de Oliveira e realiza\u00e7\u00e3o do desfile c\u00edvico das escolas\u00a0do bairro do Cristo Redentor, em alus\u00e3o ao dia da independ\u00eancia do Brasil, comemorado em 7 de setembro, o Campus V ter\u00e1 ponto facultativo durante a manh\u00e3 na pr\u00f3xima quarta-feira, dia 3 de setembro. \u00a0Todas as atividades voltam ao normal no turno da tarde do dia 3 de setembro.<\/p>\n<p>Em virtude\u00a0do desfile\u00a0tamb\u00e9m foi adiado o evento em comemora\u00e7\u00e3o ao anivers\u00e1rio do Campus V e Dia do Bi\u00f3logo, que ocorreria dia 3 de setembro. A programa\u00e7\u00e3o ser\u00e1 divulgada em breve.<\/p>\n<p>&nbsp;<\/p>\n","protected":false},"excerpt":{"rendered":"<p>A dire\u00e7\u00e3o de Centro de Ci\u00eancias Biol\u00f3gicas e Sociais Aplicadas informa aos discentes, docentes e t\u00e9cnicos-administrativos do Campus V que, em virtude da interdi\u00e7\u00e3o do tr\u00e2nsito na\u00a0rua Hor\u00e1cio Trajano de Oliveira e realiza\u00e7\u00e3o do desfile c\u00edvico das escolas\u00a0do bairro do Cristo Redentor, em alus\u00e3o ao dia da independ\u00eancia do Brasil, comemorado em 7 de setembro, <a class=\"leiamais\" href=\"https:\/\/centros.uepb.edu.br\/ccbsa\/direcao-do-ccbsa-informa-sobre-ponto-facultativo-na-manha-do-dia-3-de-setembro\/\">Leia Mais&#8230;<\/a><\/p>\n","protected":false},"author":8,"featured_media":0,"comment_status":"closed","ping_status":"closed","sticky":false,"template":"","format":"standard","meta":{"footnotes":""},"categories":[3,5],"tags":[],"class_list":["post-2201","post","type-post","status-publish","format-standard","hentry","category-noticias","category-visiveis"],"jetpack_featured_media_url":"","_links":{"self":[{"href":"https:\/\/centros.uepb.edu.br\/ccbsa\/wp-json\/wp\/v2\/posts\/2201","targetHints":{"allow":["GET"]}}],"collection":[{"href":"https:\/\/centros.uepb.edu.br\/ccbsa\/wp-json\/wp\/v2\/posts"}],"about":[{"href":"https:\/\/centros.uepb.edu.br\/ccbsa\/wp-json\/wp\/v2\/types\/post"}],"author":[{"embeddable":true,"href":"https:\/\/centros.uepb.edu.br\/ccbsa\/wp-json\/wp\/v2\/users\/8"}],"replies":[{"embeddable":true,"href":"https:\/\/centros.uepb.edu.br\/ccbsa\/wp-json\/wp\/v2\/comments?post=2201"}],"version-history":[{"count":0,"href":"https:\/\/centros.uepb.edu.br\/ccbsa\/wp-json\/wp\/v2\/posts\/2201\/revisions"}],"wp:attachment":[{"href":"https:\/\/centros.uepb.edu.br\/ccbsa\/wp-json\/wp\/v2\/media?parent=2201"}],"wp:term":[{"taxonomy":"category","embeddable":true,"href":"https:\/\/centros.uepb.edu.br\/ccbsa\/wp-json\/wp\/v2\/categories?post=2201"},{"taxonomy":"post_tag","embeddable":true,"href":"https:\/\/centros.uepb.edu.br\/ccbsa\/wp-json\/wp\/v2\/tags?post=2201"}],"curies":[{"name":"wp","href":"https:\/\/api.w.org\/{rel}","templated":true}]}}