{"id":2198,"date":"2014-08-25T15:23:29","date_gmt":"2014-08-25T15:23:29","guid":{"rendered":"https:\/\/centros.uepb.edu.br\/ccbsa\/?p=2198"},"modified":"2014-08-25T15:23:29","modified_gmt":"2014-08-25T15:23:29","slug":"cursos-do-campus-v-ofertam-62-vagas-para-selecao-de-monitores-do-periodo-letivo-2014-2","status":"publish","type":"post","link":"https:\/\/centros.uepb.edu.br\/ccbsa\/cursos-do-campus-v-ofertam-62-vagas-para-selecao-de-monitores-do-periodo-letivo-2014-2\/","title":{"rendered":"Cursos do Campus V ofertam 62 vagas para sele\u00e7\u00e3o de monitores do per\u00edodo letivo 2014.2"},"content":{"rendered":"<p>Os bacharelados em Arquivologia, Ci\u00eancias Biol\u00f3gicas e Rela\u00e7\u00f5es Internacionais do Campus V da Universidade Estadual da Para\u00edba (UEPB), inscrevem at\u00e9 o dia 29 de agosto, os discentes interessados em concorrer a uma das 62 vagas de monitores de componentes curriculares dos tr\u00eas cursos. Cada aprovado recebe uma bolsa no valor no valor R$ 220 mensais, conforme delibera\u00e7\u00e3o do Conselho Universit\u00e1rio, Consuni.<\/p>\n<p>Para o bacharelado em Arquivologia s\u00e3o ofertadas 21 vagas para os componentes curriculares: \u201cAn\u00e1lise Document\u00e1ria I\u201d (diurno e noturno), \u201cAn\u00e1lise Document\u00e1ria II\u201d (diurno), \u201c\u201dAvalia\u00e7\u00e3o e sele\u00e7\u00e3o de documentos\u201d (diurno e noturno), \u201cDireito Administrativo\u201d (diurno), \u201cForma\u00e7\u00e3o da sociedade brasileira\u201d (diurno), \u201cFundamentos Arquiv\u00edsticos\u201d (diurno), \u201cGest\u00e3o de servi\u00e7os arquiv\u00edsticos\u201d (diurno), \u201cInforma\u00e7\u00e3o e Sociedade\u201d (diurno), \u201cIntrodu\u00e7\u00e3o \u00e0 administra\u00e7\u00e3o\u201d (diurno), \u201cOficina de Texto I\u201d (diurno), \u201cOficina de Texto II\u201d (diurno e noturno), \u201cRepresenta\u00e7\u00e3o da Informa\u00e7\u00e3o\u201d (diurno e noturno), \u201cTecnologia da Informa\u00e7\u00e3o I\u201d (diurno), \u201cTecnologia da Informa\u00e7\u00e3o II\u201d (diurno e noturno) e \u201cUsos e usu\u00e1rios da informa\u00e7\u00e3o arquiv\u00edstica\u201d (diurno e noturno). As inscri\u00e7\u00f5es para a sele\u00e7\u00e3o de Arquivologia o ocorrem na secretaria de curso, das 8 \u00e0s 12h e das 18h \u00e0s 21h.<\/p>\n<p>O curso de Ci\u00eancias Biol\u00f3gicas oferece 28 vagas para os componentes: \u201cAnatomia Humana\u201d, \u201cAnatomia e organografia de Faner\u00f3gamas\u201d, \u201cBiologia celular\u201d, \u201cEcologia Terrestre\u201d, \u201cEcologia das Popula\u00e7\u00f5es\u201d,\u00a0 \u201cBioqu\u00edmica Fundamental\u201d, \u201cBioqu\u00edmica Molecular\u201d, \u201cBot\u00e2nica Criptog\u00e2mica\u201d, \u201cBiofisica\u201d, \u201cBiot\u00e9tica\u201d,\u00a0 \u201cClimatologia\u201d, \u201cEcologia aqu\u00e1tica\u201d, \u201cEcologia Humana\u201d, \u201cEcologia das Comunidades\u201d, \u201cFundamentos da Ecologia\u201d, \u201cFundamentos de Qu\u00edmica\u201d, \u201cFilosofia da Ci\u00eancia\u201d, \u201cGen\u00e9tica I\u201d, \u201cGeologia aplicada \u00e0s Ci\u00eancias Biol\u00f3gicas\u201d, \u201cHistologia Geral\u201d, \u201cMicologia\u201d, \u201cPaleontologia\u201d, \u201cParasitologia Geral\u201d, \u201cSistem\u00e1tica de Faner\u00f3gamas\u201d, \u201cZoologia dos Vertebrados I\u201d e \u201cZoologia dos Vertebrados II\u201d, Zoologia dos Invertebrados I\u201d, \u201cZoologia dos Invertebrados II\u201d todos no per\u00edodo diurno. As inscri\u00e7\u00f5es de Ci\u00eancias Biol\u00f3gicas s\u00e3o realizadas na secretaria do curso das 8 \u00e0s 16h.<\/p>\n<p>J\u00e1 o bacharelado em Rela\u00e7\u00f5es Internacionais oferta 13 vagas para os componentes curriculares: \u201cIntrodu\u00e7\u00e3o \u00e0 Filosofia\u201d (diurno e noturno), \u201cIntrodu\u00e7\u00e3o \u00e0 Ci\u00eancia do Direito\u201d (diurno), \u201cDireitos Humanos e Rela\u00e7\u00f5es Internacionais\u201d (noturno), \u201cEconomia Pol\u00edtica Internacional\u201d (diurno), \u201cM\u00e9todos quantitativos e estat\u00edstica\u201d, (diurno), \u201cL\u00edngua Inglesa IV\u201d (noturno), \u201cIntrodu\u00e7\u00e3o \u00e0 Economia\u201d (diurno), \u201cEconomia Brasileira\u201d (diurno), \u201cDireitos Humanos e Rela\u00e7\u00f5es Internacionais\u201d (diurno), \u201cOrganiza\u00e7\u00f5es Internacionais\u201d (diurno), \u201cMetodologia cient\u00edfica\u201d (diurno) e \u201cIntrodu\u00e7\u00e3o \u00e0 ci\u00eancia pol\u00edtica\u201d (diurno). As inscri\u00e7\u00f5es para esta sele\u00e7\u00e3o ocorrem na secretaria de Rela\u00e7\u00f5es Internacionais, das 8 \u00e0s 12h e das 17 \u00e0s 21h.<\/p>\n<p>Somente pode submeter-se ao processo de sele\u00e7\u00e3o o estudante que por meio de seu hist\u00f3rico escolar comprove ter cursado, com aproveitamento satisfat\u00f3rio, o componente curricular objeto da sele\u00e7\u00e3o; coeficiente de Rendimento Escolar (CRE) igual ou superior a 7,0; n\u00e3o ter sido reprovado em mais de tr\u00eas componentes curriculares durante a sua vida acad\u00eamica; e n\u00e3o ter reprova\u00e7\u00e3o no componente curricular objeto da Monitoria.<\/p>\n<p>A sele\u00e7\u00e3o constar\u00e1 de uma prova escrita e, quando for necess\u00e1rio, prova pr\u00e1tica, versando sobre conte\u00fados desenvolvidos nos componentes curriculares objetos da sele\u00e7\u00e3o. Ser\u00e1 considerado aprovado no processo de sele\u00e7\u00e3o de monitores o candidato que obtiver na prova, nota igual ou superior a 7,0.<\/p>\n<p>Para outras informa\u00e7\u00f5es acesse os editais de [wpfilebase tag=fileurl id=97 linktext=Arquivologia \/], [wpfilebase tag=fileurl id=98 linktext=&#8217;Ci\u00eancias Biol\u00f3gicas &#8216; \/]e [wpfilebase tag=fileurl id=99 linktext=&#8217;Rela\ufffd\ufffdes Internacionais&#8217; \/].<\/p>\n","protected":false},"excerpt":{"rendered":"<p>Os bacharelados em Arquivologia, Ci\u00eancias Biol\u00f3gicas e Rela\u00e7\u00f5es Internacionais do Campus V da Universidade Estadual da Para\u00edba (UEPB), inscrevem at\u00e9 o dia 29 de agosto, os discentes interessados em concorrer a uma das 62 vagas de monitores de componentes curriculares dos tr\u00eas cursos. Cada aprovado recebe uma bolsa no valor no valor R$ 220 mensais, <a class=\"leiamais\" href=\"https:\/\/centros.uepb.edu.br\/ccbsa\/cursos-do-campus-v-ofertam-62-vagas-para-selecao-de-monitores-do-periodo-letivo-2014-2\/\">Leia Mais&#8230;<\/a><\/p>\n","protected":false},"author":8,"featured_media":0,"comment_status":"closed","ping_status":"closed","sticky":false,"template":"","format":"standard","meta":{"footnotes":""},"categories":[3,5],"tags":[],"class_list":["post-2198","post","type-post","status-publish","format-standard","hentry","category-noticias","category-visiveis"],"jetpack_featured_media_url":"","_links":{"self":[{"href":"https:\/\/centros.uepb.edu.br\/ccbsa\/wp-json\/wp\/v2\/posts\/2198","targetHints":{"allow":["GET"]}}],"collection":[{"href":"https:\/\/centros.uepb.edu.br\/ccbsa\/wp-json\/wp\/v2\/posts"}],"about":[{"href":"https:\/\/centros.uepb.edu.br\/ccbsa\/wp-json\/wp\/v2\/types\/post"}],"author":[{"embeddable":true,"href":"https:\/\/centros.uepb.edu.br\/ccbsa\/wp-json\/wp\/v2\/users\/8"}],"replies":[{"embeddable":true,"href":"https:\/\/centros.uepb.edu.br\/ccbsa\/wp-json\/wp\/v2\/comments?post=2198"}],"version-history":[{"count":0,"href":"https:\/\/centros.uepb.edu.br\/ccbsa\/wp-json\/wp\/v2\/posts\/2198\/revisions"}],"wp:attachment":[{"href":"https:\/\/centros.uepb.edu.br\/ccbsa\/wp-json\/wp\/v2\/media?parent=2198"}],"wp:term":[{"taxonomy":"category","embeddable":true,"href":"https:\/\/centros.uepb.edu.br\/ccbsa\/wp-json\/wp\/v2\/categories?post=2198"},{"taxonomy":"post_tag","embeddable":true,"href":"https:\/\/centros.uepb.edu.br\/ccbsa\/wp-json\/wp\/v2\/tags?post=2198"}],"curies":[{"name":"wp","href":"https:\/\/api.w.org\/{rel}","templated":true}]}}