{"id":2195,"date":"2014-08-25T14:30:42","date_gmt":"2014-08-25T14:30:42","guid":{"rendered":"https:\/\/centros.uepb.edu.br\/ccbsa\/?p=2195"},"modified":"2014-08-27T11:52:55","modified_gmt":"2014-08-27T11:52:55","slug":"estudantes-do-ccbsa-podem-realizar-reajuste-de-matriculas-nas-coordenacoes-ate-a-proxima-sexta-feira","status":"publish","type":"post","link":"https:\/\/centros.uepb.edu.br\/ccbsa\/estudantes-do-ccbsa-podem-realizar-reajuste-de-matriculas-nas-coordenacoes-ate-a-proxima-sexta-feira\/","title":{"rendered":"Estudantes do CCBSA podem realizar reajuste de matr\u00edculas nas coordena\u00e7\u00f5es at\u00e9 sexta-feira (29)"},"content":{"rendered":"<p>Os estudantes do Centro de Ci\u00eancias Biol\u00f3gicas e Sociais Aplicadas da Universidade Estadual da Para\u00edba podem realizar, at\u00e9 o dia 29 de agosto, nas coordena\u00e7\u00f5es de curso, o reajuste de matr\u00edculas. Tamb\u00e9m est\u00e1 aberto, at\u00e9 o dia 18 de setembro, o prazo para trancamento de matr\u00edcula.<\/p>\n<p>Aa informa\u00e7\u00f5es sobre a\u00a0documenta\u00e7\u00e3o necess\u00e1ria\u00a0e outras\u00a0podem ser adquiridas diretamente na coordena\u00e7\u00e3o do curso ao qual o discente est\u00e1 vinculado, pessoalmente ou atrav\u00e9s do telefone (83) 3223-1128, ramais 201 (Biologia), 204 (Arquivologia) e 205 (Rela\u00e7\u00f5es Internacionais).<\/p>\n<p>&nbsp;<\/p>\n","protected":false},"excerpt":{"rendered":"<p>Os estudantes do Centro de Ci\u00eancias Biol\u00f3gicas e Sociais Aplicadas da Universidade Estadual da Para\u00edba podem realizar, at\u00e9 o dia 29 de agosto, nas coordena\u00e7\u00f5es de curso, o reajuste de matr\u00edculas. Tamb\u00e9m est\u00e1 aberto, at\u00e9 o dia 18 de setembro, o prazo para trancamento de matr\u00edcula. Aa informa\u00e7\u00f5es sobre a\u00a0documenta\u00e7\u00e3o necess\u00e1ria\u00a0e outras\u00a0podem ser adquiridas diretamente <a class=\"leiamais\" href=\"https:\/\/centros.uepb.edu.br\/ccbsa\/estudantes-do-ccbsa-podem-realizar-reajuste-de-matriculas-nas-coordenacoes-ate-a-proxima-sexta-feira\/\">Leia Mais&#8230;<\/a><\/p>\n","protected":false},"author":8,"featured_media":0,"comment_status":"closed","ping_status":"closed","sticky":false,"template":"","format":"standard","meta":{"footnotes":""},"categories":[3,5],"tags":[],"class_list":["post-2195","post","type-post","status-publish","format-standard","hentry","category-noticias","category-visiveis"],"jetpack_featured_media_url":"","_links":{"self":[{"href":"https:\/\/centros.uepb.edu.br\/ccbsa\/wp-json\/wp\/v2\/posts\/2195","targetHints":{"allow":["GET"]}}],"collection":[{"href":"https:\/\/centros.uepb.edu.br\/ccbsa\/wp-json\/wp\/v2\/posts"}],"about":[{"href":"https:\/\/centros.uepb.edu.br\/ccbsa\/wp-json\/wp\/v2\/types\/post"}],"author":[{"embeddable":true,"href":"https:\/\/centros.uepb.edu.br\/ccbsa\/wp-json\/wp\/v2\/users\/8"}],"replies":[{"embeddable":true,"href":"https:\/\/centros.uepb.edu.br\/ccbsa\/wp-json\/wp\/v2\/comments?post=2195"}],"version-history":[{"count":0,"href":"https:\/\/centros.uepb.edu.br\/ccbsa\/wp-json\/wp\/v2\/posts\/2195\/revisions"}],"wp:attachment":[{"href":"https:\/\/centros.uepb.edu.br\/ccbsa\/wp-json\/wp\/v2\/media?parent=2195"}],"wp:term":[{"taxonomy":"category","embeddable":true,"href":"https:\/\/centros.uepb.edu.br\/ccbsa\/wp-json\/wp\/v2\/categories?post=2195"},{"taxonomy":"post_tag","embeddable":true,"href":"https:\/\/centros.uepb.edu.br\/ccbsa\/wp-json\/wp\/v2\/tags?post=2195"}],"curies":[{"name":"wp","href":"https:\/\/api.w.org\/{rel}","templated":true}]}}