{"id":2191,"date":"2014-08-25T14:14:19","date_gmt":"2014-08-25T14:14:19","guid":{"rendered":"https:\/\/centros.uepb.edu.br\/ccbsa\/?p=2191"},"modified":"2014-08-25T14:17:03","modified_gmt":"2014-08-25T14:17:03","slug":"direcao-de-centro-informa-a-comunidade-academica-sobre-interdicao-de-rua-para-desfile-civico","status":"publish","type":"post","link":"https:\/\/centros.uepb.edu.br\/ccbsa\/direcao-de-centro-informa-a-comunidade-academica-sobre-interdicao-de-rua-para-desfile-civico\/","title":{"rendered":"Dire\u00e7\u00e3o de centro informa \u00e0 comunidade acad\u00eamica sobre interdi\u00e7\u00e3o de rua para desfile c\u00edvico"},"content":{"rendered":"<p>A dire\u00e7\u00e3o de Centro de Ci\u00eancias Biol\u00f3gicas e Sociais Aplicadas informa aos discentes, docentes e t\u00e9cnicos-administrativos do Campus V sobre a interdi\u00e7\u00e3o do tr\u00e2nsito na\u00a0rua Hor\u00e1cio Trajano de Oliveira, no dia 3 de setembro,\u00a0durante toda a manh\u00e3,\u00a0em virtude do desfile c\u00edvico das escolas\u00a0do bairro do Cristo Redentor, em alus\u00e3o ao dia da independ\u00eancia do Brasil, comemorado em 7 de setembro.\u00a0 As aulas e atividades acad\u00eamicas e administrativas do CCBSA ocorrem normalmente nessa data e hor\u00e1rio, por\u00e9m, o acesso ao estacionamento n\u00e3o ser\u00e1 permitido.<\/p>\n<p>Em virtude\u00a0do desfile\u00a0tamb\u00e9m foi adiado o evento em comemora\u00e7\u00e3o ao anivers\u00e1rio do Campus V e Dia do Bi\u00f3logo, que ocorreria dia 3 de setembro,\u00a0cuja\u00a0programa\u00e7\u00e3o ser\u00e1 divulgada em breve.<\/p>\n<p>&nbsp;<\/p>\n","protected":false},"excerpt":{"rendered":"<p>A dire\u00e7\u00e3o de Centro de Ci\u00eancias Biol\u00f3gicas e Sociais Aplicadas informa aos discentes, docentes e t\u00e9cnicos-administrativos do Campus V sobre a interdi\u00e7\u00e3o do tr\u00e2nsito na\u00a0rua Hor\u00e1cio Trajano de Oliveira, no dia 3 de setembro,\u00a0durante toda a manh\u00e3,\u00a0em virtude do desfile c\u00edvico das escolas\u00a0do bairro do Cristo Redentor, em alus\u00e3o ao dia da independ\u00eancia do Brasil, <a class=\"leiamais\" href=\"https:\/\/centros.uepb.edu.br\/ccbsa\/direcao-de-centro-informa-a-comunidade-academica-sobre-interdicao-de-rua-para-desfile-civico\/\">Leia Mais&#8230;<\/a><\/p>\n","protected":false},"author":8,"featured_media":0,"comment_status":"closed","ping_status":"closed","sticky":false,"template":"","format":"standard","meta":{"footnotes":""},"categories":[3,5],"tags":[],"class_list":["post-2191","post","type-post","status-publish","format-standard","hentry","category-noticias","category-visiveis"],"jetpack_featured_media_url":"","_links":{"self":[{"href":"https:\/\/centros.uepb.edu.br\/ccbsa\/wp-json\/wp\/v2\/posts\/2191","targetHints":{"allow":["GET"]}}],"collection":[{"href":"https:\/\/centros.uepb.edu.br\/ccbsa\/wp-json\/wp\/v2\/posts"}],"about":[{"href":"https:\/\/centros.uepb.edu.br\/ccbsa\/wp-json\/wp\/v2\/types\/post"}],"author":[{"embeddable":true,"href":"https:\/\/centros.uepb.edu.br\/ccbsa\/wp-json\/wp\/v2\/users\/8"}],"replies":[{"embeddable":true,"href":"https:\/\/centros.uepb.edu.br\/ccbsa\/wp-json\/wp\/v2\/comments?post=2191"}],"version-history":[{"count":0,"href":"https:\/\/centros.uepb.edu.br\/ccbsa\/wp-json\/wp\/v2\/posts\/2191\/revisions"}],"wp:attachment":[{"href":"https:\/\/centros.uepb.edu.br\/ccbsa\/wp-json\/wp\/v2\/media?parent=2191"}],"wp:term":[{"taxonomy":"category","embeddable":true,"href":"https:\/\/centros.uepb.edu.br\/ccbsa\/wp-json\/wp\/v2\/categories?post=2191"},{"taxonomy":"post_tag","embeddable":true,"href":"https:\/\/centros.uepb.edu.br\/ccbsa\/wp-json\/wp\/v2\/tags?post=2191"}],"curies":[{"name":"wp","href":"https:\/\/api.w.org\/{rel}","templated":true}]}}