{"id":2188,"date":"2014-08-25T13:58:06","date_gmt":"2014-08-25T13:58:06","guid":{"rendered":"https:\/\/centros.uepb.edu.br\/ccbsa\/?p=2188"},"modified":"2014-08-25T13:58:46","modified_gmt":"2014-08-25T13:58:46","slug":"estudantes-de-ciencias-biologicas-podem-inscrever-se-em-selecao-interna-do-ciencia-sem-fronteiras","status":"publish","type":"post","link":"https:\/\/centros.uepb.edu.br\/ccbsa\/estudantes-de-ciencias-biologicas-podem-inscrever-se-em-selecao-interna-do-ciencia-sem-fronteiras\/","title":{"rendered":"Estudantes de Ci\u00eancias Biol\u00f3gicas podem inscrever-se em sele\u00e7\u00e3o interna do Ci\u00eancia sem Fronteiras"},"content":{"rendered":"<p>A Universidade Estadual da Para\u00edba (UEPB), por interm\u00e9dio da Coordenadoria de Rela\u00e7\u00f5es Internacionais (CoRI), informa \u00e0 comunidade acad\u00eamica que o Programa Ci\u00eancia sem Fronteiras est\u00e1 com chamadas abertas para gradua\u00e7\u00e3o sandu\u00edche no exterior em pa\u00edses como Alemanha, Austr\u00e1lia, \u00c1ustria, B\u00e9lgica, Canad\u00e1, China, Cor\u00e9ia do Sul, Espanha, EUA, Finl\u00e2ndia, Fran\u00e7a, Holanda, Hungria, Irlanda, It\u00e1lia, Jap\u00e3o, Noruega, Nova Zel\u00e2ndia, Pol\u00f4nia, Reino Unido e Su\u00e9cia.<\/p>\n<p style=\"text-align: justify\">O per\u00edodo de inscri\u00e7\u00f5es vai at\u00e9 o dia 29 de agosto ou at\u00e9 o dia 30 de setembro, dependendo do pa\u00eds escolhido. Os discentes da UEPB que validarem a inscri\u00e7\u00e3o nacional tamb\u00e9m precisam entregar, do dia 28 de agosto at\u00e9 o dia 2 de outubro, os documentos exigidos no checklist da chamada interna da Institui\u00e7\u00e3o. Caso contr\u00e1rio, ter\u00e1 sua inscri\u00e7\u00e3o indeferida. Os hor\u00e1rios de atendimento sobre d\u00favidas acerca do programa ou para efetuar a inscri\u00e7\u00e3o s\u00e3o: das 8h30 \u00e0s 11h30 e das 14h30 \u00e0s 16h30, todas as ter\u00e7as e quintas-feiras.<\/p>\n<p style=\"text-align: justify\">Entre os requisitos obrigat\u00f3rios para todas as chamadas est\u00e3o: obter nota global no Exame Nacional do Ensino M\u00e9dio (Enem) igual ou superior a 600 pontos, em exames realizados a partir de 2009; apresentar teste de profici\u00eancia no idioma aceito pela institui\u00e7\u00e3o de destino; ter integralizado no m\u00ednimo 20% e no m\u00e1ximo 90% do curr\u00edculo previsto para seu curso no momento do in\u00edcio previsto da viagem de estudos.<\/p>\n<p style=\"text-align: justify\">\u00c9 necess\u00e1rio tamb\u00e9m cursar uma das \u00e1reas contempladas pelo programa. Aos alunos da \u00e1rea de Sa\u00fade, \u00e9 necess\u00e1rio verificar as exig\u00eancias espec\u00edficas de cada umas das chamadas. H\u00e1 pa\u00edses que aceitam alunos do ciclo b\u00e1sico e cl\u00ednico; h\u00e1 chamadas que aceitar\u00e3o somente alunos do ciclo b\u00e1sico e h\u00e1 pa\u00edses que n\u00e3o aceitar\u00e3o alunos da \u00e1rea de Sa\u00fade.<\/p>\n<p style=\"text-align: justify\"><strong>Benef\u00edcios<\/strong><\/p>\n<p style=\"text-align: justify\">A bolsa concedida aos candidatos selecionados custear\u00e1 a perman\u00eancia do aluno pelo per\u00edodo de estudo no pa\u00eds. Al\u00e9m da mensalidade na moeda local, s\u00e3o concedidos aux\u00edlio instala\u00e7\u00e3o, seguro-sa\u00fade, aux\u00edlio deslocamento para aquisi\u00e7\u00e3o de passagens a\u00e9reas e aux\u00edlio material did\u00e1tico para compra de computador port\u00e1til ou tablet.<\/p>\n<p style=\"text-align: justify\"><strong>Confira:<\/strong><\/p>\n<p style=\"text-align: justify\">&#8211;\u00a0<a href=\"http:\/\/www.uepb.edu.br\/download\/outros_documentos_2014\/CORI%20-%20Edital%20da%20Chamada%20Interna%20-%20Ci\u00eancias%20sem%20Fronteiras.pdf\">Edital<\/a><br \/>\n&#8211;\u00a0<a href=\"http:\/\/www.uepb.edu.br\/download\/outros_documentos_2014\/CORI%20-%20Checklist%20-%20Ci\u00eancias%20sem%20Fronteiras.pdf\">Checklist<\/a><\/p>\n<p style=\"text-align: justify\">Outras informa\u00e7\u00f5es podem ser obtidas atrav\u00e9s do telefone (83) 3315-3415 ou pelo email pcsf@uepb.edu.br, bem como na rede social facebook.com\/cori.uepb.<\/p>\n","protected":false},"excerpt":{"rendered":"<p>A Universidade Estadual da Para\u00edba (UEPB), por interm\u00e9dio da Coordenadoria de Rela\u00e7\u00f5es Internacionais (CoRI), informa \u00e0 comunidade acad\u00eamica que o Programa Ci\u00eancia sem Fronteiras est\u00e1 com chamadas abertas para gradua\u00e7\u00e3o sandu\u00edche no exterior em pa\u00edses como Alemanha, Austr\u00e1lia, \u00c1ustria, B\u00e9lgica, Canad\u00e1, China, Cor\u00e9ia do Sul, Espanha, EUA, Finl\u00e2ndia, Fran\u00e7a, Holanda, Hungria, Irlanda, It\u00e1lia, Jap\u00e3o, Noruega, <a class=\"leiamais\" href=\"https:\/\/centros.uepb.edu.br\/ccbsa\/estudantes-de-ciencias-biologicas-podem-inscrever-se-em-selecao-interna-do-ciencia-sem-fronteiras\/\">Leia Mais&#8230;<\/a><\/p>\n","protected":false},"author":8,"featured_media":316,"comment_status":"closed","ping_status":"closed","sticky":false,"template":"","format":"standard","meta":{"footnotes":""},"categories":[6],"tags":[],"class_list":["post-2188","post","type-post","status-publish","format-standard","has-post-thumbnail","hentry","category-slide"],"jetpack_featured_media_url":"https:\/\/centros.uepb.edu.br\/ccbsa\/files\/2013\/06\/ciencias-sem-fronteiras.jpg","_links":{"self":[{"href":"https:\/\/centros.uepb.edu.br\/ccbsa\/wp-json\/wp\/v2\/posts\/2188","targetHints":{"allow":["GET"]}}],"collection":[{"href":"https:\/\/centros.uepb.edu.br\/ccbsa\/wp-json\/wp\/v2\/posts"}],"about":[{"href":"https:\/\/centros.uepb.edu.br\/ccbsa\/wp-json\/wp\/v2\/types\/post"}],"author":[{"embeddable":true,"href":"https:\/\/centros.uepb.edu.br\/ccbsa\/wp-json\/wp\/v2\/users\/8"}],"replies":[{"embeddable":true,"href":"https:\/\/centros.uepb.edu.br\/ccbsa\/wp-json\/wp\/v2\/comments?post=2188"}],"version-history":[{"count":0,"href":"https:\/\/centros.uepb.edu.br\/ccbsa\/wp-json\/wp\/v2\/posts\/2188\/revisions"}],"wp:featuredmedia":[{"embeddable":true,"href":"https:\/\/centros.uepb.edu.br\/ccbsa\/wp-json\/wp\/v2\/media\/316"}],"wp:attachment":[{"href":"https:\/\/centros.uepb.edu.br\/ccbsa\/wp-json\/wp\/v2\/media?parent=2188"}],"wp:term":[{"taxonomy":"category","embeddable":true,"href":"https:\/\/centros.uepb.edu.br\/ccbsa\/wp-json\/wp\/v2\/categories?post=2188"},{"taxonomy":"post_tag","embeddable":true,"href":"https:\/\/centros.uepb.edu.br\/ccbsa\/wp-json\/wp\/v2\/tags?post=2188"}],"curies":[{"name":"wp","href":"https:\/\/api.w.org\/{rel}","templated":true}]}}