{"id":2182,"date":"2014-08-18T18:09:54","date_gmt":"2014-08-18T18:09:54","guid":{"rendered":"https:\/\/centros.uepb.edu.br\/ccbsa\/?p=2182"},"modified":"2014-08-25T21:07:35","modified_gmt":"2014-08-25T21:07:35","slug":"pos-graduacao-em-relacoes-internacionais-realizara-eleicoes-de-coordenador-e-coordenador-adjunto-de-curso","status":"publish","type":"post","link":"https:\/\/centros.uepb.edu.br\/ccbsa\/pos-graduacao-em-relacoes-internacionais-realizara-eleicoes-de-coordenador-e-coordenador-adjunto-de-curso\/","title":{"rendered":"Mestrado em Rela\u00e7\u00f5es Internacionais realizar\u00e1 elei\u00e7\u00f5es para coordenadores de curso"},"content":{"rendered":"<p>Estar\u00e3o abertas durante o per\u00edodo de 15 a 26 de setembro as inscri\u00e7\u00f5es de docentes do quadro permanente da Universidade Estadual da Para\u00edba (UEPB), em efetivo exerc\u00edcio, interessados em postular os cargos de coordenador e coordenador adjunto, do Programa de P\u00f3s-gradua\u00e7\u00e3o em Rela\u00e7\u00f5es Internacionais.<\/p>\n<p>Os interessados em concorrer aos cargos devem solicitar a inscri\u00e7\u00e3o na secretaria do mestrado, que est\u00e1 integrado ao Campus V da UEPB, das 8h \u00e0s 12h, e das 14h \u00e0s 17h.<\/p>\n<p>A elei\u00e7\u00e3o ser\u00e1 realizada no dia 28 de outubro, das 8h \u00e0s 21h, initerruptamente. Cada eleitor ser\u00e1 identificado por documento de identidade com foto, junto \u00e0 mesa eleitoral receptora, antes de assinar a lista de votantes.<\/p>\n<p>Est\u00e3o aptos a votar os docentes efetivos permanentes e lotados no Programa de P\u00f3s-gradua\u00e7\u00e3o em Rela\u00e7\u00f5es Internacionais do Campus V da UEPB em Jo\u00e3o Pessoa, os t\u00e9cnicos-administrativos lotados no referido programa e os discentes regularmente matriculados no curso de gradua\u00e7\u00e3o.<\/p>\n<p>O resultado final da elei\u00e7\u00e3o deve ser publicado at\u00e9 o dia 4 de novembro nos portais institucionais.<\/p>\n<p>Confira [wpfilebase tag=fileurl id=96 linktext=aqui \/]\u00a0o edital da elei\u00e7\u00e3o e a\u00a0[wpfilebase tag=fileurl id=100 linktext=errata \/] do edital.<\/p>\n","protected":false},"excerpt":{"rendered":"<p>Estar\u00e3o abertas durante o per\u00edodo de 15 a 26 de setembro as inscri\u00e7\u00f5es de docentes do quadro permanente da Universidade Estadual da Para\u00edba (UEPB), em efetivo exerc\u00edcio, interessados em postular os cargos de coordenador e coordenador adjunto, do Programa de P\u00f3s-gradua\u00e7\u00e3o em Rela\u00e7\u00f5es Internacionais. Os interessados em concorrer aos cargos devem solicitar a inscri\u00e7\u00e3o na <a class=\"leiamais\" href=\"https:\/\/centros.uepb.edu.br\/ccbsa\/pos-graduacao-em-relacoes-internacionais-realizara-eleicoes-de-coordenador-e-coordenador-adjunto-de-curso\/\">Leia Mais&#8230;<\/a><\/p>\n","protected":false},"author":8,"featured_media":0,"comment_status":"closed","ping_status":"closed","sticky":false,"template":"","format":"standard","meta":{"footnotes":""},"categories":[3,5],"tags":[],"class_list":["post-2182","post","type-post","status-publish","format-standard","hentry","category-noticias","category-visiveis"],"jetpack_featured_media_url":"","_links":{"self":[{"href":"https:\/\/centros.uepb.edu.br\/ccbsa\/wp-json\/wp\/v2\/posts\/2182","targetHints":{"allow":["GET"]}}],"collection":[{"href":"https:\/\/centros.uepb.edu.br\/ccbsa\/wp-json\/wp\/v2\/posts"}],"about":[{"href":"https:\/\/centros.uepb.edu.br\/ccbsa\/wp-json\/wp\/v2\/types\/post"}],"author":[{"embeddable":true,"href":"https:\/\/centros.uepb.edu.br\/ccbsa\/wp-json\/wp\/v2\/users\/8"}],"replies":[{"embeddable":true,"href":"https:\/\/centros.uepb.edu.br\/ccbsa\/wp-json\/wp\/v2\/comments?post=2182"}],"version-history":[{"count":0,"href":"https:\/\/centros.uepb.edu.br\/ccbsa\/wp-json\/wp\/v2\/posts\/2182\/revisions"}],"wp:attachment":[{"href":"https:\/\/centros.uepb.edu.br\/ccbsa\/wp-json\/wp\/v2\/media?parent=2182"}],"wp:term":[{"taxonomy":"category","embeddable":true,"href":"https:\/\/centros.uepb.edu.br\/ccbsa\/wp-json\/wp\/v2\/categories?post=2182"},{"taxonomy":"post_tag","embeddable":true,"href":"https:\/\/centros.uepb.edu.br\/ccbsa\/wp-json\/wp\/v2\/tags?post=2182"}],"curies":[{"name":"wp","href":"https:\/\/api.w.org\/{rel}","templated":true}]}}