{"id":2179,"date":"2014-08-18T13:32:24","date_gmt":"2014-08-18T13:32:24","guid":{"rendered":"https:\/\/centros.uepb.edu.br\/ccbsa\/?p=2179"},"modified":"2014-08-18T13:34:17","modified_gmt":"2014-08-18T13:34:17","slug":"docente-do-ccbsa-profere-palestra-em-campina-grande-sobre-uma-nova-perspectiva-de-ensino-juridico","status":"publish","type":"post","link":"https:\/\/centros.uepb.edu.br\/ccbsa\/docente-do-ccbsa-profere-palestra-em-campina-grande-sobre-uma-nova-perspectiva-de-ensino-juridico\/","title":{"rendered":"Docente do CCBSA profere palestra sobre uma nova perspectiva de ensino jur\u00eddico"},"content":{"rendered":"<p>Com o objetivo de apresentar uma nova perspectiva de ensino jur\u00eddico, o professor dos cursos de Arquivologia e Rela\u00e7\u00f5es Internacionais do Campus V da Universidade Estadual da Para\u00edba, Germano Ramalho, proferir\u00e1 uma palestra nesta ter\u00e7a-feira, 19 de agosto, a partir das 19h no audit\u00f3rio do Centro de Ci\u00eancias Jur\u00eddicas do Campus I da UEPB, em Campina Grande, voltada a discentes, docentes e profissionais de Direito e autoridades da \u00e1rea de gest\u00e3o do Ensino Jur\u00eddico na cidade de Campina Grande.<\/p>\n<p>Durante a palestra do docente abordar\u00e1 o tema de sua pesquisa de doutorado em Educa\u00e7\u00e3o pela UFPB: \u201cOs novos m\u00e9todos e discursos para a constru\u00e7\u00e3o do ensino jur\u00eddico multicultural\u201d.<\/p>\n<p>O professor Germano Ramalho \u00e9 mestre em Direito e doutor em Educa\u00e7\u00e3o, com mais de doze anos de atua\u00e7\u00e3o na Faculdade de Direito em Campina Grande, al\u00e9m de experi\u00eancias docentes em gradua\u00e7\u00e3o e p\u00f3s-gradua\u00e7\u00e3o em institui\u00e7\u00f5es de ensino superior privadas no Estado da Para\u00edba e no Estado de Pernambuco.<\/p>\n","protected":false},"excerpt":{"rendered":"<p>Com o objetivo de apresentar uma nova perspectiva de ensino jur\u00eddico, o professor dos cursos de Arquivologia e Rela\u00e7\u00f5es Internacionais do Campus V da Universidade Estadual da Para\u00edba, Germano Ramalho, proferir\u00e1 uma palestra nesta ter\u00e7a-feira, 19 de agosto, a partir das 19h no audit\u00f3rio do Centro de Ci\u00eancias Jur\u00eddicas do Campus I da UEPB, em <a class=\"leiamais\" href=\"https:\/\/centros.uepb.edu.br\/ccbsa\/docente-do-ccbsa-profere-palestra-em-campina-grande-sobre-uma-nova-perspectiva-de-ensino-juridico\/\">Leia Mais&#8230;<\/a><\/p>\n","protected":false},"author":8,"featured_media":0,"comment_status":"closed","ping_status":"closed","sticky":false,"template":"","format":"standard","meta":{"footnotes":""},"categories":[3,5],"tags":[],"class_list":["post-2179","post","type-post","status-publish","format-standard","hentry","category-noticias","category-visiveis"],"jetpack_featured_media_url":"","_links":{"self":[{"href":"https:\/\/centros.uepb.edu.br\/ccbsa\/wp-json\/wp\/v2\/posts\/2179","targetHints":{"allow":["GET"]}}],"collection":[{"href":"https:\/\/centros.uepb.edu.br\/ccbsa\/wp-json\/wp\/v2\/posts"}],"about":[{"href":"https:\/\/centros.uepb.edu.br\/ccbsa\/wp-json\/wp\/v2\/types\/post"}],"author":[{"embeddable":true,"href":"https:\/\/centros.uepb.edu.br\/ccbsa\/wp-json\/wp\/v2\/users\/8"}],"replies":[{"embeddable":true,"href":"https:\/\/centros.uepb.edu.br\/ccbsa\/wp-json\/wp\/v2\/comments?post=2179"}],"version-history":[{"count":0,"href":"https:\/\/centros.uepb.edu.br\/ccbsa\/wp-json\/wp\/v2\/posts\/2179\/revisions"}],"wp:attachment":[{"href":"https:\/\/centros.uepb.edu.br\/ccbsa\/wp-json\/wp\/v2\/media?parent=2179"}],"wp:term":[{"taxonomy":"category","embeddable":true,"href":"https:\/\/centros.uepb.edu.br\/ccbsa\/wp-json\/wp\/v2\/categories?post=2179"},{"taxonomy":"post_tag","embeddable":true,"href":"https:\/\/centros.uepb.edu.br\/ccbsa\/wp-json\/wp\/v2\/tags?post=2179"}],"curies":[{"name":"wp","href":"https:\/\/api.w.org\/{rel}","templated":true}]}}