{"id":2176,"date":"2014-08-15T14:29:47","date_gmt":"2014-08-15T14:29:47","guid":{"rendered":"https:\/\/centros.uepb.edu.br\/ccbsa\/?p=2176"},"modified":"2014-08-15T14:33:25","modified_gmt":"2014-08-15T14:33:25","slug":"projeto-do-ccbsa-voltado-a-catadores-de-materiais-reciclaveis-de-joao-pessoa-sera-apresentado-em-encontro-nacional","status":"publish","type":"post","link":"https:\/\/centros.uepb.edu.br\/ccbsa\/projeto-do-ccbsa-voltado-a-catadores-de-materiais-reciclaveis-de-joao-pessoa-sera-apresentado-em-encontro-nacional\/","title":{"rendered":"Projeto do CCBSA voltado a catadores de materiais recicl\u00e1veis ser\u00e1 apresentado em encontro nacional"},"content":{"rendered":"<p>O projeto de extens\u00e3o \u201cMobiliza\u00e7\u00e3o, inclus\u00e3o e forma\u00e7\u00e3o de catadores\/as de materiais recicl\u00e1veis da cidade de Jo\u00e3o Pessoa: uma experi\u00eancia necess\u00e1ria\u201d, vinculado ao Centro de Biol\u00f3gicas e Sociais Aplicadas (CCBSA) da Universidade Estadual da Para\u00edba (UEPB) e financiado pelo Minist\u00e9rio do Trabalho e pela Secretaria de Economia Solid\u00e1ria do Governo Federal, ser\u00e1 apresentado no Encontro Nacional Conhecimento e Tecnologia: Inclus\u00e3o Socioecon\u00f4mica de Catadores de Materiais Recicl\u00e1veis, a ser realizado nos dias 20 e 22 de agosto em Bras\u00edlia.<\/p>\n<p>Durante o encontro nacional, que contar\u00e1 com debates voltados \u00e0 inclus\u00e3o de catadores, a equipe da UEPB apresentar\u00e1 um relato de experi\u00eancia sobre o projeto que est\u00e1 ser\u00e1 realizado at\u00e9 dezembro de 2015, beneficiando 600 catadores e catadoras da cidade de Jo\u00e3o Pessoa.<\/p>\n<p>O referido projeto, que atua na identifica\u00e7\u00e3o, sensibiliza\u00e7\u00e3o, mobiliza\u00e7\u00e3o, forma\u00e7\u00e3o e inclus\u00e3o em associa\u00e7\u00f5es e cooperativas de catadores de cinco comunidades: Vale das Palmeiras, Comunidade do S\/Baixo Roger (\u00e1rea do antigo lix\u00e3o da cidade), S\u00e3o Rafael, Mandacaru e Empasa, desenvolvendo atividades de encuba\u00e7\u00e3o, assist\u00eancia t\u00e9cnica e nuclea\u00e7\u00e3o.<\/p>\n<p>De acordo com a coordenadora do projeto, a professora do curso de Ci\u00eancias Biol\u00f3gicas da UEPB \u2013 Campus V, F\u00e1tima Ara\u00fajo, essa iniciativa foi criada no intuito de fortalecer a participa\u00e7\u00e3o pol\u00edtica dos catadores de Jo\u00e3o Pessoa, incrementando a renda, adequando suas atividades \u00e0s normas de sa\u00fade e seguran\u00e7a no trabalho, inserindo-os em pol\u00edticas sociais, entre outros benef\u00edcios. A docente lembra que desde o ano de 2013 quando foram iniciadas as atividades o projeto j\u00e1 conseguiu realizar diversas atividades e resultados positivos.<\/p>\n<p>\u201cComo resultado parcial, j\u00e1 contabilizamos a identifica\u00e7\u00e3o e cadastro de aproximadamente 200 catadores, 30% destes organizados e 70% avulsos. A realiza\u00e7\u00e3o de oficinas de reciclagem, interc\u00e2mbios com cooperativas da cidade de Jo\u00e3o Pessoa e Santa Rita e a participa\u00e7\u00e3o de 50 catadores de todas as \u00e1reas mobilizadas na I Confer\u00eancia Tem\u00e1tica de res\u00edduos do munic\u00edpio de Jo\u00e3o Pessoa\u201d, destacou<\/p>\n<p>Al\u00e9m da participa\u00e7\u00e3o no Encontro Nacional que ocorrer\u00e1 em Bras\u00edlia o projeto da UEPB tamb\u00e9m est\u00e1 concorrendo ao Pr\u00eamio Cidade Pr\u00f3-Catador, promovido pela Secretaria-Geral da Presid\u00eancia da Rep\u00fablica e pela Funda\u00e7\u00e3o Banco do Brasil, em parceria com Minist\u00e9rio do Meio Ambiente e Movimento Nacional dos Catadores de Materiais Recicl\u00e1veis (MNCR) e voltado \u00e0s experi\u00eancias realizadas em munic\u00edpios com foco na inclus\u00e3o social e econ\u00f4mica dos catadores de materiais recicl\u00e1veis podem inscrever suas iniciativas na segunda edi\u00e7\u00e3o do edital do, at\u00e9 o dia 5 de setembro.<\/p>\n","protected":false},"excerpt":{"rendered":"<p>O projeto de extens\u00e3o \u201cMobiliza\u00e7\u00e3o, inclus\u00e3o e forma\u00e7\u00e3o de catadores\/as de materiais recicl\u00e1veis da cidade de Jo\u00e3o Pessoa: uma experi\u00eancia necess\u00e1ria\u201d, vinculado ao Centro de Biol\u00f3gicas e Sociais Aplicadas (CCBSA) da Universidade Estadual da Para\u00edba (UEPB) e financiado pelo Minist\u00e9rio do Trabalho e pela Secretaria de Economia Solid\u00e1ria do Governo Federal, ser\u00e1 apresentado no Encontro <a class=\"leiamais\" href=\"https:\/\/centros.uepb.edu.br\/ccbsa\/projeto-do-ccbsa-voltado-a-catadores-de-materiais-reciclaveis-de-joao-pessoa-sera-apresentado-em-encontro-nacional\/\">Leia Mais&#8230;<\/a><\/p>\n","protected":false},"author":8,"featured_media":0,"comment_status":"closed","ping_status":"closed","sticky":false,"template":"","format":"standard","meta":{"footnotes":""},"categories":[3,5],"tags":[],"class_list":["post-2176","post","type-post","status-publish","format-standard","hentry","category-noticias","category-visiveis"],"jetpack_featured_media_url":"","_links":{"self":[{"href":"https:\/\/centros.uepb.edu.br\/ccbsa\/wp-json\/wp\/v2\/posts\/2176","targetHints":{"allow":["GET"]}}],"collection":[{"href":"https:\/\/centros.uepb.edu.br\/ccbsa\/wp-json\/wp\/v2\/posts"}],"about":[{"href":"https:\/\/centros.uepb.edu.br\/ccbsa\/wp-json\/wp\/v2\/types\/post"}],"author":[{"embeddable":true,"href":"https:\/\/centros.uepb.edu.br\/ccbsa\/wp-json\/wp\/v2\/users\/8"}],"replies":[{"embeddable":true,"href":"https:\/\/centros.uepb.edu.br\/ccbsa\/wp-json\/wp\/v2\/comments?post=2176"}],"version-history":[{"count":0,"href":"https:\/\/centros.uepb.edu.br\/ccbsa\/wp-json\/wp\/v2\/posts\/2176\/revisions"}],"wp:attachment":[{"href":"https:\/\/centros.uepb.edu.br\/ccbsa\/wp-json\/wp\/v2\/media?parent=2176"}],"wp:term":[{"taxonomy":"category","embeddable":true,"href":"https:\/\/centros.uepb.edu.br\/ccbsa\/wp-json\/wp\/v2\/categories?post=2176"},{"taxonomy":"post_tag","embeddable":true,"href":"https:\/\/centros.uepb.edu.br\/ccbsa\/wp-json\/wp\/v2\/tags?post=2176"}],"curies":[{"name":"wp","href":"https:\/\/api.w.org\/{rel}","templated":true}]}}