{"id":2167,"date":"2014-08-14T13:16:21","date_gmt":"2014-08-14T13:16:21","guid":{"rendered":"https:\/\/centros.uepb.edu.br\/ccbsa\/?p=2167"},"modified":"2014-08-14T13:16:21","modified_gmt":"2014-08-14T13:16:21","slug":"formandos-das-turmas-2014-1-do-ccbsa-participam-de-solenidade-de-colacao-de-grau","status":"publish","type":"post","link":"https:\/\/centros.uepb.edu.br\/ccbsa\/formandos-das-turmas-2014-1-do-ccbsa-participam-de-solenidade-de-colacao-de-grau\/","title":{"rendered":"Formandos das turmas 2014.1 do CCBSA participam de solenidade de Cola\u00e7\u00e3o de Grau"},"content":{"rendered":"<p><a href=\"https:\/\/centros.uepb.edu.br\/ccbsa\/files\/2014\/08\/imagem-3300.jpg\"><img loading=\"lazy\" decoding=\"async\" class=\"alignleft wp-image-2173 size-thumbnail img-responsive\" src=\"https:\/\/centros.uepb.edu.br\/ccbsa\/files\/2014\/08\/imagem-3300-150x150.jpg\" alt=\"imagem 3300\" width=\"150\" height=\"150\" \/><\/a>Felicidade, esse foi o preceito que pautou os discursos e o clima entre os formandos do Campus V da Universidade Estadual da Para\u00edba (UEPB), que participaram da cerim\u00f4nia de Cola\u00e7\u00e3o de Grau do per\u00edodo letivo 2014.1, realizada na noite desta quarta-feira (14), no audit\u00f3rio da Federa\u00e7\u00e3o Esp\u00edrita Paraibana. A solenidade colocou \u00e0 disposi\u00e7\u00e3o do mercado de trabalho 115 novos profissionais de Arquivologia, Ci\u00eancias Biol\u00f3gicas, Geografia, Letras, Rela\u00e7\u00f5es Internacionais, al\u00e9m da primeira turma do Curso de Pedagogia\/PARFOR\u2013 Plano Nacional de Forma\u00e7\u00e3o dos Professores da Educa\u00e7\u00e3o B\u00e1sica, que est\u00e1 entre as pioneiras do programa no pa\u00eds.<\/p>\n<p>Compuseram a mesa de honra a pr\u00f3-reitora adjunta de Gradua\u00e7\u00e3o, Maria do Carmo Eul\u00e1lio, que presidiu a cerim\u00f4nia representando o reitor Ant\u00f4nio Rangel J\u00fanior; o secret\u00e1rio executivo de Educa\u00e7\u00e3o do Governo do Estado da Para\u00edba, Fl\u00e1vio Romero; o diretor do CCBSA, professor Francisco Jaime Mendon\u00e7a J\u00fanior; o pr\u00f3-reitor de Cultura da UEPB, professor Francisco Pereira; a coordenadora do curso de Arquivologia, professora Maria Jos\u00e9 Cordeiro Lima; a coordenadora do PARFOR em Jo\u00e3o Pessoa, professora Elis\u00e2ngela Mendon\u00e7a e a paraninfa das turmas concluintes, professora Martha Simone Soares. A abertura da solenidade contou com uma apresenta\u00e7\u00e3o do Hino Nacional feita pelos m\u00fasicos Luizinho Calixto e Breno Tavares.<\/p>\n<p>A oradora oficial, Laudecir Roseno Pereira, do curso de Arquivologia, enfatizou a satisfa\u00e7\u00e3o e alegria dos formandos ap\u00f3s a <a href=\"https:\/\/centros.uepb.edu.br\/ccbsa\/files\/2014\/08\/imagem-3243.jpg\"><img loading=\"lazy\" decoding=\"async\" class=\"alignright size-thumbnail wp-image-2169 img-responsive\" src=\"https:\/\/centros.uepb.edu.br\/ccbsa\/files\/2014\/08\/imagem-3243-150x150.jpg\" alt=\"imagem 3243\" width=\"150\" height=\"150\" \/><\/a>supera\u00e7\u00e3o de obst\u00e1culos e concretiza\u00e7\u00e3o de um sonho na esperan\u00e7a de um futuro melhor. \u201cAgora \u00e9 hora de fazermos a diferen\u00e7a e nos tornarmos protagonistas da nossa pr\u00f3pria hist\u00f3ria, portanto, n\u00e3o vamos nos deixar abalar pelas incertezas desse momento, tenhamos um cora\u00e7\u00e3o simples e humilde para servir o pa\u00eds e \u00e0 sociedade com \u00e9tica e responsabilidade\u201d, destacou. Ap\u00f3s o discurso a oradora recebeu um kit de livros presenteados pela Editora da UEPB.<\/p>\n<p><a href=\"https:\/\/centros.uepb.edu.br\/ccbsa\/files\/2014\/08\/imagem-3253.jpg\"><img loading=\"lazy\" decoding=\"async\" class=\"alignleft size-thumbnail wp-image-2170 img-responsive\" src=\"https:\/\/centros.uepb.edu.br\/ccbsa\/files\/2014\/08\/imagem-3253-150x150.jpg\" alt=\"imagem 3253\" width=\"150\" height=\"150\" \/><\/a>Homenageada pelas turmas concluintes, a paraninfa geral, professora Martha Simone foi conduzida por uma comiss\u00e3o formada pelos estudantes: Annyelle Kelly Costa, de Ci\u00eancias Biol\u00f3gicas, Daniel Jorge Colom, de Rela\u00e7\u00f5es Internacionais, Daniela Ferreira, de Arquivologia, Maripaula Oliveira, Letras e Isadora Rolim da Silva, Arquivologia.<\/p>\n<p>Em sua fala, a professora, que atua na UEPB desde 1986, e h\u00e1 cinco anos est\u00e1 vinculada ao curso de Ci\u00eancias Biol\u00f3gicas do Campus V, compartilhou com os formandos e convidados algumas de suas cren\u00e7as e valores, permeando seu discurso pelo conceito de felicidade, utilizando defini\u00e7\u00f5es de Socr\u00e1tes, Plat\u00e3o e Kant. A docente tamb\u00e9m destacou a vit\u00f3ria conquistada pelos pais dos formandos, enquanto maiores respons\u00e1veis pela forma\u00e7\u00e3o dos estudantes. \u201cMinha mensagem hoje \u00e9 de otimismo, coragem, incentivo, pois a felicidade tem mais a ver com atitude do que com as circunst\u00e2ncias. N\u00e3o tenham medo de come\u00e7ar e recome\u00e7ar se for preciso, pois o pior naufr\u00e1gio \u00e9 n\u00e3o partir\u201d, aconselhou a paraninfa.<\/p>\n<p>A pr\u00f3-reitora adjunta de Gradua\u00e7\u00e3o, Maria do Carmo Eul\u00e1lio, lembrou a import\u00e2ncia da solenidade de cola\u00e7\u00e3o de grau para fechar de forma exitosa parte da trajet\u00f3ria acad\u00eamica dos formandos, abrindo a possibilidade de constru\u00e7\u00e3o de novas hist\u00f3rias. A <a href=\"https:\/\/centros.uepb.edu.br\/ccbsa\/files\/2014\/08\/imagem-3294.jpg\"><img loading=\"lazy\" decoding=\"async\" class=\"alignright size-thumbnail wp-image-2171 img-responsive\" src=\"https:\/\/centros.uepb.edu.br\/ccbsa\/files\/2014\/08\/imagem-3294-150x150.jpg\" alt=\"imagem 3294\" width=\"150\" height=\"150\" \/><\/a>docente felicitou a todos e desejou aos novos profissionais que eles consigam desenvolver suas carreiras com amor e prazer e que a busca pela felicidade seja uma atitude cont\u00ednua.<\/p>\n<p>Receberam o grau acad\u00eamico, em nome dos demais formandos: Isadora Rolim (Arquivologia), Rafaela Gouveia (Ci\u00eancias Biol\u00f3gicas), Ericka Almeida (Letras e Geografia \u2013 EAD), Jailma de Figueiredo (PARFOR) e Ana Paula Oliveira (Rela\u00e7\u00f5es Internacionais).<\/p>\n","protected":false},"excerpt":{"rendered":"<p>Felicidade, esse foi o preceito que pautou os discursos e o clima entre os formandos do Campus V da Universidade Estadual da Para\u00edba (UEPB), que participaram da cerim\u00f4nia de Cola\u00e7\u00e3o de Grau do per\u00edodo letivo 2014.1, realizada na noite desta quarta-feira (14), no audit\u00f3rio da Federa\u00e7\u00e3o Esp\u00edrita Paraibana. A solenidade colocou \u00e0 disposi\u00e7\u00e3o do mercado <a class=\"leiamais\" href=\"https:\/\/centros.uepb.edu.br\/ccbsa\/formandos-das-turmas-2014-1-do-ccbsa-participam-de-solenidade-de-colacao-de-grau\/\">Leia Mais&#8230;<\/a><\/p>\n","protected":false},"author":8,"featured_media":2172,"comment_status":"closed","ping_status":"closed","sticky":false,"template":"","format":"standard","meta":{"footnotes":""},"categories":[6],"tags":[],"class_list":["post-2167","post","type-post","status-publish","format-standard","has-post-thumbnail","hentry","category-slide"],"jetpack_featured_media_url":"https:\/\/centros.uepb.edu.br\/ccbsa\/files\/2014\/08\/imagem-32131.jpg","_links":{"self":[{"href":"https:\/\/centros.uepb.edu.br\/ccbsa\/wp-json\/wp\/v2\/posts\/2167","targetHints":{"allow":["GET"]}}],"collection":[{"href":"https:\/\/centros.uepb.edu.br\/ccbsa\/wp-json\/wp\/v2\/posts"}],"about":[{"href":"https:\/\/centros.uepb.edu.br\/ccbsa\/wp-json\/wp\/v2\/types\/post"}],"author":[{"embeddable":true,"href":"https:\/\/centros.uepb.edu.br\/ccbsa\/wp-json\/wp\/v2\/users\/8"}],"replies":[{"embeddable":true,"href":"https:\/\/centros.uepb.edu.br\/ccbsa\/wp-json\/wp\/v2\/comments?post=2167"}],"version-history":[{"count":0,"href":"https:\/\/centros.uepb.edu.br\/ccbsa\/wp-json\/wp\/v2\/posts\/2167\/revisions"}],"wp:featuredmedia":[{"embeddable":true,"href":"https:\/\/centros.uepb.edu.br\/ccbsa\/wp-json\/wp\/v2\/media\/2172"}],"wp:attachment":[{"href":"https:\/\/centros.uepb.edu.br\/ccbsa\/wp-json\/wp\/v2\/media?parent=2167"}],"wp:term":[{"taxonomy":"category","embeddable":true,"href":"https:\/\/centros.uepb.edu.br\/ccbsa\/wp-json\/wp\/v2\/categories?post=2167"},{"taxonomy":"post_tag","embeddable":true,"href":"https:\/\/centros.uepb.edu.br\/ccbsa\/wp-json\/wp\/v2\/tags?post=2167"}],"curies":[{"name":"wp","href":"https:\/\/api.w.org\/{rel}","templated":true}]}}