{"id":2153,"date":"2014-08-08T13:07:35","date_gmt":"2014-08-08T13:07:35","guid":{"rendered":"https:\/\/centros.uepb.edu.br\/ccbsa\/?p=2153"},"modified":"2014-08-08T13:07:35","modified_gmt":"2014-08-08T13:07:35","slug":"pro-reitoria-de-graduacao-informa-sobre-periodo-para-matricula-dos-alunos-veteranos-da-uepb","status":"publish","type":"post","link":"https:\/\/centros.uepb.edu.br\/ccbsa\/pro-reitoria-de-graduacao-informa-sobre-periodo-para-matricula-dos-alunos-veteranos-da-uepb\/","title":{"rendered":"Pr\u00f3-Reitoria de Gradua\u00e7\u00e3o informa sobre per\u00edodo para matr\u00edcula dos alunos veteranos da UEPB"},"content":{"rendered":"<p style=\"text-align: justify\">A Universidade Estadual da Para\u00edba (UEPB) atrav\u00e9s da Pr\u00f3-Reitoria de Gradua\u00e7\u00e3o (PROGRAD),\u00a0de acordo com o\u00a0calend\u00e1rio universit\u00e1rio, divulgou o calend\u00e1rio de matr\u00edcula para os alunos veteranos da Institui\u00e7\u00e3o. As matr\u00edculas acontecem de 8 a 12 de agosto.<\/p>\n<p style=\"text-align: justify\">Os estudantes\u00a0do CCBSA\u00a0ter\u00e3o que respeitar o seguinte cronograma:<\/p>\n<p style=\"text-align: justify\">&#8211; <strong>Dia 11 de agosto<\/strong>: matr\u00edcula online em componente curricular ou matr\u00edcula institucional dos alunos veteranos;<\/p>\n<p style=\"text-align: justify\">&#8211; <strong>Dias 13 e 14 de agosto<\/strong>: matr\u00edcula online em componente curricular ou matr\u00edcula institucional dos veteranos retardat\u00e1rios.<\/p>\n<p style=\"text-align: justify\">O estudante poder\u00e1 pedir junto \u00e0 coordena\u00e7\u00e3o do curso a matr\u00edcula em componentes curriculares e altera\u00e7\u00f5es do plano de matr\u00edcula entre os dias 18 e 29 de agosto, enquanto que as coordena\u00e7\u00f5es dos cursos proceder\u00e3o junto \u00e0 coordena\u00e7\u00e3o de informa\u00e7\u00f5es gerenciais e sistemas acad\u00eamicos e coordena\u00e7\u00e3o de controle acad\u00eamico os registros relativos do per\u00edodo de altera\u00e7\u00f5es entre 1\u00ba at\u00e9 15 de setembro.<\/p>\n","protected":false},"excerpt":{"rendered":"<p>A Universidade Estadual da Para\u00edba (UEPB) atrav\u00e9s da Pr\u00f3-Reitoria de Gradua\u00e7\u00e3o (PROGRAD),\u00a0de acordo com o\u00a0calend\u00e1rio universit\u00e1rio, divulgou o calend\u00e1rio de matr\u00edcula para os alunos veteranos da Institui\u00e7\u00e3o. As matr\u00edculas acontecem de 8 a 12 de agosto. Os estudantes\u00a0do CCBSA\u00a0ter\u00e3o que respeitar o seguinte cronograma: &#8211; Dia 11 de agosto: matr\u00edcula online em componente curricular ou <a class=\"leiamais\" href=\"https:\/\/centros.uepb.edu.br\/ccbsa\/pro-reitoria-de-graduacao-informa-sobre-periodo-para-matricula-dos-alunos-veteranos-da-uepb\/\">Leia Mais&#8230;<\/a><\/p>\n","protected":false},"author":8,"featured_media":0,"comment_status":"closed","ping_status":"closed","sticky":false,"template":"","format":"standard","meta":{"footnotes":""},"categories":[3,5],"tags":[],"class_list":["post-2153","post","type-post","status-publish","format-standard","hentry","category-noticias","category-visiveis"],"jetpack_featured_media_url":"","_links":{"self":[{"href":"https:\/\/centros.uepb.edu.br\/ccbsa\/wp-json\/wp\/v2\/posts\/2153","targetHints":{"allow":["GET"]}}],"collection":[{"href":"https:\/\/centros.uepb.edu.br\/ccbsa\/wp-json\/wp\/v2\/posts"}],"about":[{"href":"https:\/\/centros.uepb.edu.br\/ccbsa\/wp-json\/wp\/v2\/types\/post"}],"author":[{"embeddable":true,"href":"https:\/\/centros.uepb.edu.br\/ccbsa\/wp-json\/wp\/v2\/users\/8"}],"replies":[{"embeddable":true,"href":"https:\/\/centros.uepb.edu.br\/ccbsa\/wp-json\/wp\/v2\/comments?post=2153"}],"version-history":[{"count":0,"href":"https:\/\/centros.uepb.edu.br\/ccbsa\/wp-json\/wp\/v2\/posts\/2153\/revisions"}],"wp:attachment":[{"href":"https:\/\/centros.uepb.edu.br\/ccbsa\/wp-json\/wp\/v2\/media?parent=2153"}],"wp:term":[{"taxonomy":"category","embeddable":true,"href":"https:\/\/centros.uepb.edu.br\/ccbsa\/wp-json\/wp\/v2\/categories?post=2153"},{"taxonomy":"post_tag","embeddable":true,"href":"https:\/\/centros.uepb.edu.br\/ccbsa\/wp-json\/wp\/v2\/tags?post=2153"}],"curies":[{"name":"wp","href":"https:\/\/api.w.org\/{rel}","templated":true}]}}