{"id":2151,"date":"2014-08-08T13:03:46","date_gmt":"2014-08-08T13:03:46","guid":{"rendered":"https:\/\/centros.uepb.edu.br\/ccbsa\/?p=2151"},"modified":"2014-08-08T13:09:06","modified_gmt":"2014-08-08T13:09:06","slug":"direcao-do-ccbsa-inscreve-interessados-em-integrar-comissoes-organizadoras-do-aniversario-do-campus-v","status":"publish","type":"post","link":"https:\/\/centros.uepb.edu.br\/ccbsa\/direcao-do-ccbsa-inscreve-interessados-em-integrar-comissoes-organizadoras-do-aniversario-do-campus-v\/","title":{"rendered":"Dire\u00e7\u00e3o do CCBSA inscreve interessados em integrar comiss\u00f5es organizadoras de evento de anivers\u00e1rio"},"content":{"rendered":"<p>A dire\u00e7\u00e3o do Centro de Ci\u00eancias Biol\u00f3gicas e Sociais Aplicadas da Universidade Estadual da Para\u00edba inscreve at\u00e9 a pr\u00f3xima segunda-feira, 11 de agosto, os discentes, docentes e t\u00e9cnicos administrativos do CCBSA\u00a0interessados em integrar as comiss\u00f5es organizadoras das atividades cient\u00edficas e culturais, previstas para ocorrer no in\u00edcio de setembro, em comemora\u00e7\u00e3o ao anivers\u00e1rio do Campus V.<\/p>\n<p>Para participar \u00e9 necess\u00e1rio entrar em contato com a secretaria de centro atrav\u00e9s do e-mail: campusv@uepb.edu.br, manifestando o interesse e informando os dados para que sejam providenciadas as portarias de nomea\u00e7\u00e3o dos membros.<\/p>\n<p>Outras informa\u00e7\u00f5es: (83) 3223-1128<\/p>\n<p><strong>\u00a0<\/strong><\/p>\n","protected":false},"excerpt":{"rendered":"<p>A dire\u00e7\u00e3o do Centro de Ci\u00eancias Biol\u00f3gicas e Sociais Aplicadas da Universidade Estadual da Para\u00edba inscreve at\u00e9 a pr\u00f3xima segunda-feira, 11 de agosto, os discentes, docentes e t\u00e9cnicos administrativos do CCBSA\u00a0interessados em integrar as comiss\u00f5es organizadoras das atividades cient\u00edficas e culturais, previstas para ocorrer no in\u00edcio de setembro, em comemora\u00e7\u00e3o ao anivers\u00e1rio do Campus V. <a class=\"leiamais\" href=\"https:\/\/centros.uepb.edu.br\/ccbsa\/direcao-do-ccbsa-inscreve-interessados-em-integrar-comissoes-organizadoras-do-aniversario-do-campus-v\/\">Leia Mais&#8230;<\/a><\/p>\n","protected":false},"author":8,"featured_media":0,"comment_status":"closed","ping_status":"closed","sticky":false,"template":"","format":"standard","meta":{"footnotes":""},"categories":[3,5],"tags":[],"class_list":["post-2151","post","type-post","status-publish","format-standard","hentry","category-noticias","category-visiveis"],"jetpack_featured_media_url":"","_links":{"self":[{"href":"https:\/\/centros.uepb.edu.br\/ccbsa\/wp-json\/wp\/v2\/posts\/2151","targetHints":{"allow":["GET"]}}],"collection":[{"href":"https:\/\/centros.uepb.edu.br\/ccbsa\/wp-json\/wp\/v2\/posts"}],"about":[{"href":"https:\/\/centros.uepb.edu.br\/ccbsa\/wp-json\/wp\/v2\/types\/post"}],"author":[{"embeddable":true,"href":"https:\/\/centros.uepb.edu.br\/ccbsa\/wp-json\/wp\/v2\/users\/8"}],"replies":[{"embeddable":true,"href":"https:\/\/centros.uepb.edu.br\/ccbsa\/wp-json\/wp\/v2\/comments?post=2151"}],"version-history":[{"count":0,"href":"https:\/\/centros.uepb.edu.br\/ccbsa\/wp-json\/wp\/v2\/posts\/2151\/revisions"}],"wp:attachment":[{"href":"https:\/\/centros.uepb.edu.br\/ccbsa\/wp-json\/wp\/v2\/media?parent=2151"}],"wp:term":[{"taxonomy":"category","embeddable":true,"href":"https:\/\/centros.uepb.edu.br\/ccbsa\/wp-json\/wp\/v2\/categories?post=2151"},{"taxonomy":"post_tag","embeddable":true,"href":"https:\/\/centros.uepb.edu.br\/ccbsa\/wp-json\/wp\/v2\/tags?post=2151"}],"curies":[{"name":"wp","href":"https:\/\/api.w.org\/{rel}","templated":true}]}}