{"id":2147,"date":"2014-08-06T20:09:23","date_gmt":"2014-08-06T20:09:23","guid":{"rendered":"https:\/\/centros.uepb.edu.br\/ccbsa\/?p=2147"},"modified":"2014-08-06T20:12:38","modified_gmt":"2014-08-06T20:12:38","slug":"comissao-lanca-edital-para-eleicao-de-novos-diretores-e-coordenadores-de-cursos-do-ccbsa","status":"publish","type":"post","link":"https:\/\/centros.uepb.edu.br\/ccbsa\/comissao-lanca-edital-para-eleicao-de-novos-diretores-e-coordenadores-de-cursos-do-ccbsa\/","title":{"rendered":"Comiss\u00e3o lan\u00e7a edital para elei\u00e7\u00e3o de novos diretores e coordenadores de cursos do CCBSA"},"content":{"rendered":"<p>Estar\u00e3o abertas durante o per\u00edodo de 18 a 29 de agosto as inscri\u00e7\u00f5es de chapas para as elei\u00e7\u00f5es do Centro de Ci\u00eancias Biol\u00f3gicas e Sociais Aplicadas da Universidade Estadual da Para\u00edba (UEPB), que ir\u00e3o definir os ocupantes dos cargos de diretor e diretor adjunto, coordenador e coordenador adjunto do Campus V, localizado em Jo\u00e3o Pessoa. Os interessados em concorrer aos cargos devem solicitar o registro de candidatura \u00e0 Comiss\u00e3o Eleitoral das 8 \u00e0s 12h, e das 14 \u00e0s 17h.<\/p>\n<p>A elei\u00e7\u00e3o ser\u00e1 realizada no dia 24 de setembro, das 8h \u00e0s 21h, initerruptamente. Cada eleitor ser\u00e1 identificado por documento de identidade com foto, junto \u00e0 mesa eleitoral receptora, antes de assinar a lista de votantes. Est\u00e3o aptos a votar os docentes efetivos lotados no Centro, que estejam em pleno exerc\u00edcio, os servidores t\u00e9cnicos administrativos efetivos, al\u00e9m dos discentes regularmente matriculados nos cursos de gradua\u00e7\u00e3o e de p\u00f3s-gradua\u00e7\u00e3o mantidos pelo Centro.<\/p>\n<p>A apura\u00e7\u00e3o da elei\u00e7\u00e3o ter\u00e1 car\u00e1ter p\u00fablico e ser\u00e1 realizada a partir das 21h do dia da elei\u00e7\u00e3o, no Audit\u00f3rio Pioneiros. Uma vez conclu\u00eddos os trabalhos referentes ao processo, a comiss\u00e3o respons\u00e1vel pela elei\u00e7\u00e3o publicar\u00e1 o resultado no prazo de at\u00e9 tr\u00eas dias \u00fateis ap\u00f3s o encerramento da elei\u00e7\u00e3o. O nome do candidato eleito, ap\u00f3s a homologa\u00e7\u00e3o, ser\u00e1 encaminhado \u00e0 Reitoria para nomea\u00e7\u00e3o e posse.<\/p>\n<p>Para participar da elei\u00e7\u00e3o os candidatos devem apresentar os seguintes documentos: requerimento de inscri\u00e7\u00e3o em duas vias; comprovante de nacionalidade brasileira; comprovante expedido pela PROGEP de que \u00e9 professor efetivo (c\u00f3pia do contracheque); declara\u00e7\u00e3o de que aceitar\u00e1 a investidura no cargo, se eleito; declara\u00e7\u00e3o de que exercer\u00e1 o cargo em regime de dedica\u00e7\u00e3o integral, se eleito; declara\u00e7\u00e3o de aceita\u00e7\u00e3o dos termos da RESOLU\u00c7\u00c3O\/UEPB\/CONSUNI\/003\/2008; comprovante de quita\u00e7\u00e3o com a Justi\u00e7a Eleitoral da \u00faltima elei\u00e7\u00e3o; curriculum vitae e carta programa para a poss\u00edvel gest\u00e3o.<\/p>\n<p>Confira o [wpfilebase tag=fileurl id=95 linktext=edital \/]\u00a0e a<span style=\"color: #666666\">\u00a0<\/span><a style=\"color: #005789\" href=\"http:\/\/www.uepb.edu.br\/download\/editais_e_sele%C3%A7%C3%B5es\/003-2008%20REGULAMENTA%20OS%20PROCESSOS%20ELEITORAIS%20NA%20UEPB.pdf\">resolu\u00e7\u00e3o<\/a><span style=\"color: #666666\">.<\/span><\/p>\n","protected":false},"excerpt":{"rendered":"<p>Estar\u00e3o abertas durante o per\u00edodo de 18 a 29 de agosto as inscri\u00e7\u00f5es de chapas para as elei\u00e7\u00f5es do Centro de Ci\u00eancias Biol\u00f3gicas e Sociais Aplicadas da Universidade Estadual da Para\u00edba (UEPB), que ir\u00e3o definir os ocupantes dos cargos de diretor e diretor adjunto, coordenador e coordenador adjunto do Campus V, localizado em Jo\u00e3o Pessoa. <a class=\"leiamais\" href=\"https:\/\/centros.uepb.edu.br\/ccbsa\/comissao-lanca-edital-para-eleicao-de-novos-diretores-e-coordenadores-de-cursos-do-ccbsa\/\">Leia Mais&#8230;<\/a><\/p>\n","protected":false},"author":8,"featured_media":0,"comment_status":"closed","ping_status":"closed","sticky":false,"template":"","format":"standard","meta":{"footnotes":""},"categories":[3,5],"tags":[],"class_list":["post-2147","post","type-post","status-publish","format-standard","hentry","category-noticias","category-visiveis"],"jetpack_featured_media_url":"","_links":{"self":[{"href":"https:\/\/centros.uepb.edu.br\/ccbsa\/wp-json\/wp\/v2\/posts\/2147","targetHints":{"allow":["GET"]}}],"collection":[{"href":"https:\/\/centros.uepb.edu.br\/ccbsa\/wp-json\/wp\/v2\/posts"}],"about":[{"href":"https:\/\/centros.uepb.edu.br\/ccbsa\/wp-json\/wp\/v2\/types\/post"}],"author":[{"embeddable":true,"href":"https:\/\/centros.uepb.edu.br\/ccbsa\/wp-json\/wp\/v2\/users\/8"}],"replies":[{"embeddable":true,"href":"https:\/\/centros.uepb.edu.br\/ccbsa\/wp-json\/wp\/v2\/comments?post=2147"}],"version-history":[{"count":0,"href":"https:\/\/centros.uepb.edu.br\/ccbsa\/wp-json\/wp\/v2\/posts\/2147\/revisions"}],"wp:attachment":[{"href":"https:\/\/centros.uepb.edu.br\/ccbsa\/wp-json\/wp\/v2\/media?parent=2147"}],"wp:term":[{"taxonomy":"category","embeddable":true,"href":"https:\/\/centros.uepb.edu.br\/ccbsa\/wp-json\/wp\/v2\/categories?post=2147"},{"taxonomy":"post_tag","embeddable":true,"href":"https:\/\/centros.uepb.edu.br\/ccbsa\/wp-json\/wp\/v2\/tags?post=2147"}],"curies":[{"name":"wp","href":"https:\/\/api.w.org\/{rel}","templated":true}]}}