{"id":2142,"date":"2014-08-06T13:17:05","date_gmt":"2014-08-06T13:17:05","guid":{"rendered":"https:\/\/centros.uepb.edu.br\/ccbsa\/?p=2142"},"modified":"2014-08-06T13:19:59","modified_gmt":"2014-08-06T13:19:59","slug":"docentes-do-ccbsa-integram-a-comissao-organizadora-de-seminarios-da-abri-que-ocorrerao-em-joao-pessoa","status":"publish","type":"post","link":"https:\/\/centros.uepb.edu.br\/ccbsa\/docentes-do-ccbsa-integram-a-comissao-organizadora-de-seminarios-da-abri-que-ocorrerao-em-joao-pessoa\/","title":{"rendered":"Docentes do CCBSA apoiam na organiza\u00e7\u00e3o de semin\u00e1rios da ABRI que ocorrem em Jo\u00e3o Pessoa"},"content":{"rendered":"<p>Com o objetivo de debater as estrat\u00e9gias de adapta\u00e7\u00e3o, os arranjos de coopera\u00e7\u00e3o e os desafios da internacionaliza\u00e7\u00e3o, a Associa\u00e7\u00e3o Brasileira de Rela\u00e7\u00f5es Interacionais com o apoio de docentes dos cursos de gradua\u00e7\u00e3o e p\u00f3s-gradua\u00e7\u00e3o em Rela\u00e7\u00f5es Internacionais da Universidade Estadual da Para\u00edba organizam o \u201c2\u00ba Semin\u00e1rio de Rela\u00e7\u00f5es Internacionais: Gradua\u00e7\u00e3o e P\u00f3s-gradua\u00e7\u00e3o\u201d, que ocorrer\u00e1 nos dias 28 e 29 de agosto, na Academia da Policia Militar da Para\u00edba, localizado \u00e0 Rodovia Ministro Abelardo Jurema, PB 008, KM 07, Jacarap\u00e9, Jo\u00e3o Pessoa.<\/p>\n<p>Com o tema \u201cOs BRICS e as transforma\u00e7\u00f5es da ordem global\u201d o evento contar\u00e1 com minicursos, mesas de discuss\u00e3o, workshops e pain\u00e9is com a participa\u00e7\u00e3o de pesquisadores renomados na \u00e1rea de Rela\u00e7\u00f5es Internacionais em todo o pa\u00eds. Ao longo da programa\u00e7\u00e3o tamb\u00e9m ser\u00e3o realizadas reuni\u00f5es dos foros de coordenadores de gradua\u00e7\u00e3o, p\u00f3s-gradua\u00e7\u00e3o e de editores de publica\u00e7\u00f5es cient\u00edficas.<\/p>\n<p>De acordo com a comiss\u00e3o organizadora na medida em que h\u00e1 um evidente crescimento da \u00e1rea de Rela\u00e7\u00f5es Internacionais no Brasil, reunindo atualmente cerca de 130 cursos de gradua\u00e7\u00e3o e 12 programas de p\u00f3s-gradua\u00e7\u00e3o, cresce tamb\u00e9m a necessidade de promover e aprofundar o debate sobre o seu objeto espec\u00edfico de estudo e criar novas oportunidades de interc\u00e2mbio entre professores, pesquisadores e alunos, buscando contribuir para melhor qualificar os programas de ensino e essa \u00e9 a perspectiva desse semin\u00e1rio.<\/p>\n<p>Podem participar do evento estudantes de gradua\u00e7\u00e3o e p\u00f3s-gradua\u00e7\u00e3o, docentes, pesquisadores e profissionais em geral. As inscri\u00e7\u00f5es s\u00e3o realizadas no site do evento &#8211; <a href=\"http:\/\/www.seminario2014.abri.org.br\">http:\/\/www.seminario2014.abri.org.br<\/a>.<\/p>\n","protected":false},"excerpt":{"rendered":"<p>Com o objetivo de debater as estrat\u00e9gias de adapta\u00e7\u00e3o, os arranjos de coopera\u00e7\u00e3o e os desafios da internacionaliza\u00e7\u00e3o, a Associa\u00e7\u00e3o Brasileira de Rela\u00e7\u00f5es Interacionais com o apoio de docentes dos cursos de gradua\u00e7\u00e3o e p\u00f3s-gradua\u00e7\u00e3o em Rela\u00e7\u00f5es Internacionais da Universidade Estadual da Para\u00edba organizam o \u201c2\u00ba Semin\u00e1rio de Rela\u00e7\u00f5es Internacionais: Gradua\u00e7\u00e3o e P\u00f3s-gradua\u00e7\u00e3o\u201d, que ocorrer\u00e1 <a class=\"leiamais\" href=\"https:\/\/centros.uepb.edu.br\/ccbsa\/docentes-do-ccbsa-integram-a-comissao-organizadora-de-seminarios-da-abri-que-ocorrerao-em-joao-pessoa\/\">Leia Mais&#8230;<\/a><\/p>\n","protected":false},"author":8,"featured_media":2143,"comment_status":"closed","ping_status":"closed","sticky":false,"template":"","format":"standard","meta":{"footnotes":""},"categories":[6],"tags":[],"class_list":["post-2142","post","type-post","status-publish","format-standard","has-post-thumbnail","hentry","category-slide"],"jetpack_featured_media_url":"https:\/\/centros.uepb.edu.br\/ccbsa\/files\/2014\/08\/SEMIN\u00c1RIO-ABRI.jpg","_links":{"self":[{"href":"https:\/\/centros.uepb.edu.br\/ccbsa\/wp-json\/wp\/v2\/posts\/2142","targetHints":{"allow":["GET"]}}],"collection":[{"href":"https:\/\/centros.uepb.edu.br\/ccbsa\/wp-json\/wp\/v2\/posts"}],"about":[{"href":"https:\/\/centros.uepb.edu.br\/ccbsa\/wp-json\/wp\/v2\/types\/post"}],"author":[{"embeddable":true,"href":"https:\/\/centros.uepb.edu.br\/ccbsa\/wp-json\/wp\/v2\/users\/8"}],"replies":[{"embeddable":true,"href":"https:\/\/centros.uepb.edu.br\/ccbsa\/wp-json\/wp\/v2\/comments?post=2142"}],"version-history":[{"count":0,"href":"https:\/\/centros.uepb.edu.br\/ccbsa\/wp-json\/wp\/v2\/posts\/2142\/revisions"}],"wp:featuredmedia":[{"embeddable":true,"href":"https:\/\/centros.uepb.edu.br\/ccbsa\/wp-json\/wp\/v2\/media\/2143"}],"wp:attachment":[{"href":"https:\/\/centros.uepb.edu.br\/ccbsa\/wp-json\/wp\/v2\/media?parent=2142"}],"wp:term":[{"taxonomy":"category","embeddable":true,"href":"https:\/\/centros.uepb.edu.br\/ccbsa\/wp-json\/wp\/v2\/categories?post=2142"},{"taxonomy":"post_tag","embeddable":true,"href":"https:\/\/centros.uepb.edu.br\/ccbsa\/wp-json\/wp\/v2\/tags?post=2142"}],"curies":[{"name":"wp","href":"https:\/\/api.w.org\/{rel}","templated":true}]}}