{"id":2140,"date":"2014-08-06T12:40:40","date_gmt":"2014-08-06T12:40:40","guid":{"rendered":"https:\/\/centros.uepb.edu.br\/ccbsa\/?p=2140"},"modified":"2014-08-06T12:40:40","modified_gmt":"2014-08-06T12:40:40","slug":"pro-reitoria-de-extensao-informa-sobre-prazo-para-entrega-do-relatorio-final-do-probex-2013-2014","status":"publish","type":"post","link":"https:\/\/centros.uepb.edu.br\/ccbsa\/pro-reitoria-de-extensao-informa-sobre-prazo-para-entrega-do-relatorio-final-do-probex-2013-2014\/","title":{"rendered":"Pr\u00f3-Reitoria de Extens\u00e3o informa sobre prazo para entrega do Relat\u00f3rio Final do PROBEX 2013-2014"},"content":{"rendered":"<p style=\"text-align: justify\">A Pr\u00f3-Reitoria de Extens\u00e3o (PROEX) da Universidade Estadual da Para\u00edba (UEPB) comunica aos docentes, discentes, t\u00e9cnicos administrativos e colaboradores envolvidos em programas e projetos de extens\u00e3o, que o prazo de entrega para o Relat\u00f3rio Final PROBEX \u2013 Cota 2013\/2014, ser\u00e1 at\u00e9 o dia 1\u00ba de setembro de 2014. Vale ressaltar que o relat\u00f3rio deve ser entregue em c\u00f3pia impressa.<\/p>\n<p style=\"text-align: justify\">Outras informa\u00e7\u00f5es: (83) 3315-3401 e 3315-3400.<\/p>\n","protected":false},"excerpt":{"rendered":"<p>A Pr\u00f3-Reitoria de Extens\u00e3o (PROEX) da Universidade Estadual da Para\u00edba (UEPB) comunica aos docentes, discentes, t\u00e9cnicos administrativos e colaboradores envolvidos em programas e projetos de extens\u00e3o, que o prazo de entrega para o Relat\u00f3rio Final PROBEX \u2013 Cota 2013\/2014, ser\u00e1 at\u00e9 o dia 1\u00ba de setembro de 2014. Vale ressaltar que o relat\u00f3rio deve ser <a class=\"leiamais\" href=\"https:\/\/centros.uepb.edu.br\/ccbsa\/pro-reitoria-de-extensao-informa-sobre-prazo-para-entrega-do-relatorio-final-do-probex-2013-2014\/\">Leia Mais&#8230;<\/a><\/p>\n","protected":false},"author":8,"featured_media":0,"comment_status":"closed","ping_status":"closed","sticky":false,"template":"","format":"standard","meta":{"footnotes":""},"categories":[3,5],"tags":[],"class_list":["post-2140","post","type-post","status-publish","format-standard","hentry","category-noticias","category-visiveis"],"jetpack_featured_media_url":"","_links":{"self":[{"href":"https:\/\/centros.uepb.edu.br\/ccbsa\/wp-json\/wp\/v2\/posts\/2140","targetHints":{"allow":["GET"]}}],"collection":[{"href":"https:\/\/centros.uepb.edu.br\/ccbsa\/wp-json\/wp\/v2\/posts"}],"about":[{"href":"https:\/\/centros.uepb.edu.br\/ccbsa\/wp-json\/wp\/v2\/types\/post"}],"author":[{"embeddable":true,"href":"https:\/\/centros.uepb.edu.br\/ccbsa\/wp-json\/wp\/v2\/users\/8"}],"replies":[{"embeddable":true,"href":"https:\/\/centros.uepb.edu.br\/ccbsa\/wp-json\/wp\/v2\/comments?post=2140"}],"version-history":[{"count":0,"href":"https:\/\/centros.uepb.edu.br\/ccbsa\/wp-json\/wp\/v2\/posts\/2140\/revisions"}],"wp:attachment":[{"href":"https:\/\/centros.uepb.edu.br\/ccbsa\/wp-json\/wp\/v2\/media?parent=2140"}],"wp:term":[{"taxonomy":"category","embeddable":true,"href":"https:\/\/centros.uepb.edu.br\/ccbsa\/wp-json\/wp\/v2\/categories?post=2140"},{"taxonomy":"post_tag","embeddable":true,"href":"https:\/\/centros.uepb.edu.br\/ccbsa\/wp-json\/wp\/v2\/tags?post=2140"}],"curies":[{"name":"wp","href":"https:\/\/api.w.org\/{rel}","templated":true}]}}