{"id":2133,"date":"2014-08-01T17:31:22","date_gmt":"2014-08-01T17:31:22","guid":{"rendered":"https:\/\/centros.uepb.edu.br\/ccbsa\/?p=2133"},"modified":"2014-08-01T17:31:22","modified_gmt":"2014-08-01T17:31:22","slug":"reitoria-da-universidade-estadual-informa-sobre-feriado-no-proximo-dia-5-de-agosto","status":"publish","type":"post","link":"https:\/\/centros.uepb.edu.br\/ccbsa\/reitoria-da-universidade-estadual-informa-sobre-feriado-no-proximo-dia-5-de-agosto\/","title":{"rendered":"Reitoria da Universidade Estadual informa sobre feriado no pr\u00f3ximo dia 5 de agosto"},"content":{"rendered":"<p>A Reitoria da Universidade Estadual da Para\u00edba (UEPB), em aten\u00e7\u00e3o ao que disp\u00f5e a Lei Estadual N\u00ba 3.489\/67, informa que a pr\u00f3xima ter\u00e7a-feira, dia 5 de agosto, ser\u00e1 feriado estadual em homenagem a funda\u00e7\u00e3o do Estado da Para\u00edba. Desta forma, neste dia n\u00e3o haver\u00e1 atividades no Campus V.<\/p>\n","protected":false},"excerpt":{"rendered":"<p>A Reitoria da Universidade Estadual da Para\u00edba (UEPB), em aten\u00e7\u00e3o ao que disp\u00f5e a Lei Estadual N\u00ba 3.489\/67, informa que a pr\u00f3xima ter\u00e7a-feira, dia 5 de agosto, ser\u00e1 feriado estadual em homenagem a funda\u00e7\u00e3o do Estado da Para\u00edba. Desta forma, neste dia n\u00e3o haver\u00e1 atividades no Campus V.<\/p>\n","protected":false},"author":8,"featured_media":0,"comment_status":"closed","ping_status":"closed","sticky":false,"template":"","format":"standard","meta":{"footnotes":""},"categories":[3,5],"tags":[],"class_list":["post-2133","post","type-post","status-publish","format-standard","hentry","category-noticias","category-visiveis"],"jetpack_featured_media_url":"","_links":{"self":[{"href":"https:\/\/centros.uepb.edu.br\/ccbsa\/wp-json\/wp\/v2\/posts\/2133","targetHints":{"allow":["GET"]}}],"collection":[{"href":"https:\/\/centros.uepb.edu.br\/ccbsa\/wp-json\/wp\/v2\/posts"}],"about":[{"href":"https:\/\/centros.uepb.edu.br\/ccbsa\/wp-json\/wp\/v2\/types\/post"}],"author":[{"embeddable":true,"href":"https:\/\/centros.uepb.edu.br\/ccbsa\/wp-json\/wp\/v2\/users\/8"}],"replies":[{"embeddable":true,"href":"https:\/\/centros.uepb.edu.br\/ccbsa\/wp-json\/wp\/v2\/comments?post=2133"}],"version-history":[{"count":0,"href":"https:\/\/centros.uepb.edu.br\/ccbsa\/wp-json\/wp\/v2\/posts\/2133\/revisions"}],"wp:attachment":[{"href":"https:\/\/centros.uepb.edu.br\/ccbsa\/wp-json\/wp\/v2\/media?parent=2133"}],"wp:term":[{"taxonomy":"category","embeddable":true,"href":"https:\/\/centros.uepb.edu.br\/ccbsa\/wp-json\/wp\/v2\/categories?post=2133"},{"taxonomy":"post_tag","embeddable":true,"href":"https:\/\/centros.uepb.edu.br\/ccbsa\/wp-json\/wp\/v2\/tags?post=2133"}],"curies":[{"name":"wp","href":"https:\/\/api.w.org\/{rel}","templated":true}]}}