{"id":2129,"date":"2014-08-01T17:19:40","date_gmt":"2014-08-01T17:19:40","guid":{"rendered":"https:\/\/centros.uepb.edu.br\/ccbsa\/?p=2129"},"modified":"2014-08-01T17:19:40","modified_gmt":"2014-08-01T17:19:40","slug":"4o-seminario-de-saberes-arquivisticos-da-uepb-e-realizado-com-atividades-nas-varias-vertentes-da-arquivologia","status":"publish","type":"post","link":"https:\/\/centros.uepb.edu.br\/ccbsa\/4o-seminario-de-saberes-arquivisticos-da-uepb-e-realizado-com-atividades-nas-varias-vertentes-da-arquivologia\/","title":{"rendered":"4\u00ba Semin\u00e1rio de Saberes Arquiv\u00edsticos da UEPB \u00e9 realizado com atividades nas v\u00e1rias vertentes da Arquivologia"},"content":{"rendered":"<p><a href=\"https:\/\/centros.uepb.edu.br\/ccbsa\/files\/2014\/08\/000_0442.jpg\"><img loading=\"lazy\" decoding=\"async\" class=\"alignleft size-thumbnail wp-image-2130 img-responsive\" src=\"https:\/\/centros.uepb.edu.br\/ccbsa\/files\/2014\/08\/000_0442-150x150.jpg\" alt=\"000_0442\" width=\"150\" height=\"150\" \/><\/a>Com o objetivo de apresentar aos discentes do curso de Arquivologia da Universidade Estadual da Para\u00edba as possibilidades de viv\u00eancias das linguagens e pr\u00e1ticas sociais na universidade, foi realizado, entre os dias 25 de julho e 1\u00ba de agosto, no Campus V da UEPB, o 4\u00ba Semin\u00e1rio de Saberes Arquiv\u00edsticos.<\/p>\n<p>O encerramento do evento ocorreu na manh\u00e3 desta sexta-feira (1), com o workshop \u201cDinamiza\u00e7\u00e3o e pr\u00e1ticas de edi\u00e7\u00e3o de v\u00eddeos\u201d, ministrado por Glauco Ranniere, como uma das a\u00e7\u00f5es do projeto \u201cAudiovisualmentes: produzindo e mediando conte\u00fados educacionais como ferramenta de dissemina\u00e7\u00e3o social e comunica\u00e7\u00e3o pedag\u00f3gica\u201d, que \u00e9 vinculado ao programa \u201cInforma\u00e7\u00e3o e Cogni\u00e7\u00e3o: socializando conte\u00fados informacionais articulados ao saber, \u00e0 cultura e \u00e0 mem\u00f3ria\u201d, tendo como coordenador o professor Henrique Fran\u00e7a.<\/p>\n<p>Ap\u00f3s a atividade foram exibidos v\u00eddeos produzidos por estudantes da UEPB participantes das atividades do referido projeto e foi realizada a premia\u00e7\u00e3o dos estudantes cujos trabalhos se destacaram nas apresenta\u00e7\u00f5es de an\u00e1lise document\u00e1ria, mostra de linguagem e comunica\u00e7\u00e3o oral, realizadas ao longo do semin\u00e1rio.<\/p>\n<p>O evento foi encerrado com a apresenta\u00e7\u00e3o da Arquibanda, grupo musical formado pelo professor Henrique Fran\u00e7a e estudantes do curso de Arquivologia da UEPB, que conta com um repert\u00f3rio formado por can\u00e7\u00f5es autorais, que discutem as tem\u00e1ticas relacionadas a quest\u00f5es pol\u00edticas<a href=\"https:\/\/centros.uepb.edu.br\/ccbsa\/files\/2014\/07\/10339662_791936757518070_676941738180670071_n.jpg\"><img loading=\"lazy\" decoding=\"async\" class=\"alignright size-thumbnail wp-image-2120 img-responsive\" src=\"https:\/\/centros.uepb.edu.br\/ccbsa\/files\/2014\/07\/10339662_791936757518070_676941738180670071_n-150x150.jpg\" alt=\"10339662_791936757518070_676941738180670071_n\" width=\"150\" height=\"150\" \/><\/a> e sociais e vers\u00f5es de cl\u00e1ssicos do pop\/rock nacional.<\/p>\n<p>Durante os seis dias de evento foram realizados workshops, mesas de discuss\u00e3o, palestras, mostras de linguagem, exibi\u00e7\u00e3o de p\u00f4steres, comunica\u00e7\u00f5es orais, visita t\u00e9cnica e excurs\u00e3o, com a participa\u00e7\u00e3o de discentes, docentes e profissionais de Arquivologia da UEPB e de outras institui\u00e7\u00f5es.<a href=\"https:\/\/centros.uepb.edu.br\/ccbsa\/files\/2014\/07\/10526187_408876069251744_198283936572720189_n1.jpg\"><img loading=\"lazy\" decoding=\"async\" class=\"alignleft size-thumbnail wp-image-2128 img-responsive\" src=\"https:\/\/centros.uepb.edu.br\/ccbsa\/files\/2014\/07\/10526187_408876069251744_198283936572720189_n1-150x150.jpg\" alt=\"10526187_408876069251744_198283936572720189_n\" width=\"150\" height=\"150\" \/><\/a><\/p>\n<p>Segundo a coordenadora do evento, professora Eliete Correia dos Santos, o evento que \u00e9 promovido pelo projeto \u201cSemin\u00e1rio de Saberes Arquiv\u00edsticos \u2013 SESA\u201d \u00e9 realizado desde a 1\u00aa edi\u00e7\u00e3o com o intuito de estimular a viv\u00eancia dos estudantes desde o in\u00edcio do curso para o letramento acad\u00eamico.<\/p>\n<p>\u201cA universidade precisa ter vida, e esse \u00e9 o entendimento que nos fez dar continuidade a esse projeto e realizar esse evento, partindo do princ\u00edpio de que hoje n\u00e3o se pode mais pensar a produ\u00e7\u00e3o s\u00f3 em sala de aula, \u00e9 preciso apresentar aos estudantes essas m\u00faltiplas possibilidades de produ\u00e7\u00e3o acad\u00eamica\u201d, destacou a professora Eliete.<\/p>\n","protected":false},"excerpt":{"rendered":"<p>Com o objetivo de apresentar aos discentes do curso de Arquivologia da Universidade Estadual da Para\u00edba as possibilidades de viv\u00eancias das linguagens e pr\u00e1ticas sociais na universidade, foi realizado, entre os dias 25 de julho e 1\u00ba de agosto, no Campus V da UEPB, o 4\u00ba Semin\u00e1rio de Saberes Arquiv\u00edsticos. O encerramento do evento ocorreu <a class=\"leiamais\" href=\"https:\/\/centros.uepb.edu.br\/ccbsa\/4o-seminario-de-saberes-arquivisticos-da-uepb-e-realizado-com-atividades-nas-varias-vertentes-da-arquivologia\/\">Leia Mais&#8230;<\/a><\/p>\n","protected":false},"author":8,"featured_media":2130,"comment_status":"closed","ping_status":"closed","sticky":false,"template":"","format":"standard","meta":{"footnotes":""},"categories":[6],"tags":[],"class_list":["post-2129","post","type-post","status-publish","format-standard","has-post-thumbnail","hentry","category-slide"],"jetpack_featured_media_url":"https:\/\/centros.uepb.edu.br\/ccbsa\/files\/2014\/08\/000_0442.jpg","_links":{"self":[{"href":"https:\/\/centros.uepb.edu.br\/ccbsa\/wp-json\/wp\/v2\/posts\/2129","targetHints":{"allow":["GET"]}}],"collection":[{"href":"https:\/\/centros.uepb.edu.br\/ccbsa\/wp-json\/wp\/v2\/posts"}],"about":[{"href":"https:\/\/centros.uepb.edu.br\/ccbsa\/wp-json\/wp\/v2\/types\/post"}],"author":[{"embeddable":true,"href":"https:\/\/centros.uepb.edu.br\/ccbsa\/wp-json\/wp\/v2\/users\/8"}],"replies":[{"embeddable":true,"href":"https:\/\/centros.uepb.edu.br\/ccbsa\/wp-json\/wp\/v2\/comments?post=2129"}],"version-history":[{"count":0,"href":"https:\/\/centros.uepb.edu.br\/ccbsa\/wp-json\/wp\/v2\/posts\/2129\/revisions"}],"wp:featuredmedia":[{"embeddable":true,"href":"https:\/\/centros.uepb.edu.br\/ccbsa\/wp-json\/wp\/v2\/media\/2130"}],"wp:attachment":[{"href":"https:\/\/centros.uepb.edu.br\/ccbsa\/wp-json\/wp\/v2\/media?parent=2129"}],"wp:term":[{"taxonomy":"category","embeddable":true,"href":"https:\/\/centros.uepb.edu.br\/ccbsa\/wp-json\/wp\/v2\/categories?post=2129"},{"taxonomy":"post_tag","embeddable":true,"href":"https:\/\/centros.uepb.edu.br\/ccbsa\/wp-json\/wp\/v2\/tags?post=2129"}],"curies":[{"name":"wp","href":"https:\/\/api.w.org\/{rel}","templated":true}]}}