{"id":2124,"date":"2014-07-30T14:33:07","date_gmt":"2014-07-30T14:33:07","guid":{"rendered":"https:\/\/centros.uepb.edu.br\/ccbsa\/?p=2124"},"modified":"2014-07-30T14:34:48","modified_gmt":"2014-07-30T14:34:48","slug":"4o-seminario-de-saberes-arquivisticos-prossegue-com-apresentacoes-de-estudantes-e-docentes","status":"publish","type":"post","link":"https:\/\/centros.uepb.edu.br\/ccbsa\/4o-seminario-de-saberes-arquivisticos-prossegue-com-apresentacoes-de-estudantes-e-docentes\/","title":{"rendered":"4\u00ba Semin\u00e1rio de Saberes Arquiv\u00edsticos prossegue com apresenta\u00e7\u00f5es de estudantes e docentes"},"content":{"rendered":"<p><a href=\"https:\/\/centros.uepb.edu.br\/ccbsa\/files\/2014\/07\/IMG-20140730-WA0001.jpg\"><img loading=\"lazy\" decoding=\"async\" class=\"alignleft size-thumbnail wp-image-2126 img-responsive\" src=\"https:\/\/centros.uepb.edu.br\/ccbsa\/files\/2014\/07\/IMG-20140730-WA0001-150x150.jpg\" alt=\"IMG-20140730-WA0001\" width=\"150\" height=\"150\" \/><\/a>Apresenta\u00e7\u00f5es de comunica\u00e7\u00f5es orais, plano de neg\u00f3cios, workshop e palestra marcaram o terceiro dia de atividades do \u201c4\u00ba Semin\u00e1rio de Saberes Arquiv\u00edsticos: viv\u00eancias de linguagens e pr\u00e1ticas sociais na universidade\u201d, que prossegue at\u00e9 o dia 1\u00ba de agosto, no Campus V da Universidade Estadual da Para\u00edba\u201d.<\/p>\n<p>O evento, que \u00e9 promovido pelo projeto \u201cSemin\u00e1rio de Saberes Arquiv\u00edsticos \u2013 SESA\u201d com o apoio da coordena\u00e7\u00e3o do curso de Arquivologia da UEPB, conta com a participa\u00e7\u00e3o de docentes e discentes do referido bacharelado, al\u00e9m de acad\u00eamicos de outras institui\u00e7\u00f5es que se inscreveram nas atividades.<\/p>\n<p>A manh\u00e3 desta ter\u00e7a-feira (29) contou com as apresenta\u00e7\u00f5es orais dos alunos do 2\u00ba per\u00edodo de Arquivologia que abordaram diferentes temas, como: artigos escolares, armazenamento de documentos, \u00e9tica em arquivologia, gest\u00e3o de documentos, quest\u00f5es culturais e acesso \u00e0 informa\u00e7\u00e3o. Tamb\u00e9m foram abordadas as trajet\u00f3rias de alguns artistas nordestinos como Pinto do Acordeon.\u00a0 Em seguida, houve a apresenta\u00e7\u00e3o do Plano de Neg\u00f3cio, ministrada pela professora Ana L\u00facia Carvalho de Souza.<a href=\"https:\/\/centros.uepb.edu.br\/ccbsa\/files\/2014\/07\/10526187_408876069251744_198283936572720189_n.jpg\"><img loading=\"lazy\" decoding=\"async\" class=\"alignright size-thumbnail wp-image-2125 img-responsive\" src=\"https:\/\/centros.uepb.edu.br\/ccbsa\/files\/2014\/07\/10526187_408876069251744_198283936572720189_n-150x150.jpg\" alt=\"10526187_408876069251744_198283936572720189_n\" width=\"150\" height=\"150\" \/><\/a><\/p>\n<p>Durante a noite graduandos e p\u00f3s-graduandos puderam assistir a abertura da palestra ministrada pela professora Eliete Correia Santos com o tema \u2018A escrita monogr\u00e1fica sem mist\u00e9rio\u2019. A palestra foi aberta pela professora Ana Claudia que trouxe por meio da m\u00fasica ritmos cl\u00e1ssicos da bossa nova e M\u00fasica Popular Brasileira.<\/p>\n<p>Nesta quarta-feira (30) pela manh\u00e3 foram realizadas as apresenta\u00e7\u00f5es de p\u00f4steres de diagn\u00f3stico realizadas pelos estudantes vinculados ao componente curricular\u00a0&#8220;Gest\u00e3o document\u00e1ria II&#8221;, sob a coordena\u00e7\u00e3o da professora Maria Jos\u00e9 Cordeiro, seguidas da apresenta\u00e7\u00e3o de um projeto de descri\u00e7\u00e3o arquiv\u00edstica e a mesa redonda &#8220;As v\u00e1rias possibilidades de inser\u00e7\u00e3o no mercado de trabalho&#8221;, tem\u00e1tica abordada pela professora Francinete Fernandes de Sousa.<\/p>\n<p>O semin\u00e1rio prossegue com\u00a0atividades de\u00a0resolu\u00e7\u00e3o de quest\u00f5es de portugu\u00eas e arquivologia de concurso, workshop de edi\u00e7\u00e3o de v\u00eddeos e entrega de r\u00eamios.<\/p>\n","protected":false},"excerpt":{"rendered":"<p>Apresenta\u00e7\u00f5es de comunica\u00e7\u00f5es orais, plano de neg\u00f3cios, workshop e palestra marcaram o terceiro dia de atividades do \u201c4\u00ba Semin\u00e1rio de Saberes Arquiv\u00edsticos: viv\u00eancias de linguagens e pr\u00e1ticas sociais na universidade\u201d, que prossegue at\u00e9 o dia 1\u00ba de agosto, no Campus V da Universidade Estadual da Para\u00edba\u201d. O evento, que \u00e9 promovido pelo projeto \u201cSemin\u00e1rio de <a class=\"leiamais\" href=\"https:\/\/centros.uepb.edu.br\/ccbsa\/4o-seminario-de-saberes-arquivisticos-prossegue-com-apresentacoes-de-estudantes-e-docentes\/\">Leia Mais&#8230;<\/a><\/p>\n","protected":false},"author":8,"featured_media":2128,"comment_status":"closed","ping_status":"closed","sticky":false,"template":"","format":"standard","meta":{"footnotes":""},"categories":[6],"tags":[],"class_list":["post-2124","post","type-post","status-publish","format-standard","has-post-thumbnail","hentry","category-slide"],"jetpack_featured_media_url":"https:\/\/centros.uepb.edu.br\/ccbsa\/files\/2014\/07\/10526187_408876069251744_198283936572720189_n1.jpg","_links":{"self":[{"href":"https:\/\/centros.uepb.edu.br\/ccbsa\/wp-json\/wp\/v2\/posts\/2124","targetHints":{"allow":["GET"]}}],"collection":[{"href":"https:\/\/centros.uepb.edu.br\/ccbsa\/wp-json\/wp\/v2\/posts"}],"about":[{"href":"https:\/\/centros.uepb.edu.br\/ccbsa\/wp-json\/wp\/v2\/types\/post"}],"author":[{"embeddable":true,"href":"https:\/\/centros.uepb.edu.br\/ccbsa\/wp-json\/wp\/v2\/users\/8"}],"replies":[{"embeddable":true,"href":"https:\/\/centros.uepb.edu.br\/ccbsa\/wp-json\/wp\/v2\/comments?post=2124"}],"version-history":[{"count":0,"href":"https:\/\/centros.uepb.edu.br\/ccbsa\/wp-json\/wp\/v2\/posts\/2124\/revisions"}],"wp:featuredmedia":[{"embeddable":true,"href":"https:\/\/centros.uepb.edu.br\/ccbsa\/wp-json\/wp\/v2\/media\/2128"}],"wp:attachment":[{"href":"https:\/\/centros.uepb.edu.br\/ccbsa\/wp-json\/wp\/v2\/media?parent=2124"}],"wp:term":[{"taxonomy":"category","embeddable":true,"href":"https:\/\/centros.uepb.edu.br\/ccbsa\/wp-json\/wp\/v2\/categories?post=2124"},{"taxonomy":"post_tag","embeddable":true,"href":"https:\/\/centros.uepb.edu.br\/ccbsa\/wp-json\/wp\/v2\/tags?post=2124"}],"curies":[{"name":"wp","href":"https:\/\/api.w.org\/{rel}","templated":true}]}}