{"id":2118,"date":"2014-07-28T15:04:27","date_gmt":"2014-07-28T15:04:27","guid":{"rendered":"https:\/\/centros.uepb.edu.br\/ccbsa\/?p=2118"},"modified":"2014-07-28T15:04:27","modified_gmt":"2014-07-28T15:04:27","slug":"4o-seminario-de-saberes-arquivisticos-tem-inicio-com-excursao-e-mostra-de-linguagens","status":"publish","type":"post","link":"https:\/\/centros.uepb.edu.br\/ccbsa\/4o-seminario-de-saberes-arquivisticos-tem-inicio-com-excursao-e-mostra-de-linguagens\/","title":{"rendered":"4\u00ba Semin\u00e1rio de Saberes Arquiv\u00edsticos tem in\u00edcio com excurs\u00e3o e mostra de linguagens"},"content":{"rendered":"<p><a href=\"https:\/\/centros.uepb.edu.br\/ccbsa\/files\/2014\/07\/10339662_791936757518070_676941738180670071_n.jpg\"><img loading=\"lazy\" decoding=\"async\" class=\"alignleft size-thumbnail wp-image-2120 img-responsive\" src=\"https:\/\/centros.uepb.edu.br\/ccbsa\/files\/2014\/07\/10339662_791936757518070_676941738180670071_n-150x150.jpg\" alt=\"10339662_791936757518070_676941738180670071_n\" width=\"150\" height=\"150\" \/><\/a>Teve in\u00edcio na \u00faltima sexta-feira (25), com uma visita t\u00e9cnica \u00e0 Funda\u00e7\u00e3o Joaquim Nabuco e excurs\u00e3o ao Castelo de Brennand, em Recife, o \u201c4\u00ba Semin\u00e1rio de Saberes Arquiv\u00edsticos: viv\u00eancias de linguagens e pr\u00e1ticas sociais na universidade\u201d, que prossegue at\u00e9 o dia 1\u00ba de agosto, no Campus V da Universidade Estadual da Para\u00edba, com workshops, oficinas, mesas de discuss\u00e3o, palestras, mostras de linguagem, exibi\u00e7\u00e3o de p\u00f4steres e comunica\u00e7\u00f5es orais s\u00e3o algumas das atividades programadas para a 4\u00aa edi\u00e7\u00e3o do Semin\u00e1rio de Saberes Arquiv\u00edstico: viv\u00eancias de linguagens e pr\u00e1ticas sociais na universidade\u201d.<\/p>\n<p>O evento, que \u00e9 promovido pelo projeto \u201cSemin\u00e1rio de Saberes Arquiv\u00edsticos \u2013 SESA\u201d com o apoio da coordena\u00e7\u00e3o do curso de Arquivologia da UEPB, conta com a participa\u00e7\u00e3o de docentes e discentes do referido bacharelado, al\u00e9m de acad\u00eamicos de outras institui\u00e7\u00f5es que se inscreveram nas atividades.<\/p>\n<p>Durante a visita t\u00e9cnica \u00e0 Funda\u00e7\u00e3o Joaquim Nabuco os estudantes puderam ter acesso ao n\u00facleo de documenta\u00e7\u00e3o, microfilmagem e restaura\u00e7\u00e3o, tendo contato com as t\u00e9cnicas utilizadas no local para microfilmagem e restaura\u00e7\u00e3o de documentos. Ap\u00f3s essa atividade o grupo visitou o Castelo de Brennand.<\/p>\n<p><a href=\"https:\/\/centros.uepb.edu.br\/ccbsa\/files\/2014\/07\/ELIETE.jpg\"><img loading=\"lazy\" decoding=\"async\" class=\"alignright size-thumbnail wp-image-2119 img-responsive\" src=\"https:\/\/centros.uepb.edu.br\/ccbsa\/files\/2014\/07\/ELIETE-150x150.jpg\" alt=\"ELIETE\" width=\"150\" height=\"150\" \/><\/a>Na manh\u00e3 desta segunda-feira (28) a coordenadora do evento, professora Eliete Correia dos Santos, fez uma breve apresenta\u00e7\u00e3o do projeto SESA destacando a import\u00e2ncia de ser estimulada uma viv\u00eancia dos estudantes desde o in\u00edcio do curso para o letramento acad\u00eamico. Na oportunidade a professora do curso de Arquivologia Ana Cla\u00fadia de Sousa realizou uma apresenta\u00e7\u00e3o musical ao som do violino.<\/p>\n<p>\u201cA universidade precisa ter vida, e esse \u00e9 o entendimento que nos fez dar continuidade a esse projeto e realizar esse evento, partindo do princ\u00edpio de que hoje n\u00e3o se pode mais pensar a produ\u00e7\u00e3o s\u00f3 em sala de aula, \u00e9 preciso apresentar aos estudantes essas m\u00faltiplas possibilidades de produ\u00e7\u00e3o acad\u00eamica\u201d, destacou a professora Eliete.<\/p>\n<p>O semin\u00e1rio prossegue com discuss\u00f5es relacionadas \u00e0 arquitetura da informa\u00e7\u00e3o, acessibilidade e usabilidade, a escrita monogr\u00e1fica sem mist\u00e9rio, as possibilidades de inser\u00e7\u00e3o do arquivista no mercado de trabalho, resolu\u00e7\u00e3o de quest\u00f5es de portugu\u00eas e arquivologia de concurso, entre outros.<\/p>\n","protected":false},"excerpt":{"rendered":"<p>Teve in\u00edcio na \u00faltima sexta-feira (25), com uma visita t\u00e9cnica \u00e0 Funda\u00e7\u00e3o Joaquim Nabuco e excurs\u00e3o ao Castelo de Brennand, em Recife, o \u201c4\u00ba Semin\u00e1rio de Saberes Arquiv\u00edsticos: viv\u00eancias de linguagens e pr\u00e1ticas sociais na universidade\u201d, que prossegue at\u00e9 o dia 1\u00ba de agosto, no Campus V da Universidade Estadual da Para\u00edba, com workshops, oficinas, <a class=\"leiamais\" href=\"https:\/\/centros.uepb.edu.br\/ccbsa\/4o-seminario-de-saberes-arquivisticos-tem-inicio-com-excursao-e-mostra-de-linguagens\/\">Leia Mais&#8230;<\/a><\/p>\n","protected":false},"author":8,"featured_media":2120,"comment_status":"closed","ping_status":"closed","sticky":false,"template":"","format":"standard","meta":{"footnotes":""},"categories":[6],"tags":[],"class_list":["post-2118","post","type-post","status-publish","format-standard","has-post-thumbnail","hentry","category-slide"],"jetpack_featured_media_url":"https:\/\/centros.uepb.edu.br\/ccbsa\/files\/2014\/07\/10339662_791936757518070_676941738180670071_n.jpg","_links":{"self":[{"href":"https:\/\/centros.uepb.edu.br\/ccbsa\/wp-json\/wp\/v2\/posts\/2118","targetHints":{"allow":["GET"]}}],"collection":[{"href":"https:\/\/centros.uepb.edu.br\/ccbsa\/wp-json\/wp\/v2\/posts"}],"about":[{"href":"https:\/\/centros.uepb.edu.br\/ccbsa\/wp-json\/wp\/v2\/types\/post"}],"author":[{"embeddable":true,"href":"https:\/\/centros.uepb.edu.br\/ccbsa\/wp-json\/wp\/v2\/users\/8"}],"replies":[{"embeddable":true,"href":"https:\/\/centros.uepb.edu.br\/ccbsa\/wp-json\/wp\/v2\/comments?post=2118"}],"version-history":[{"count":0,"href":"https:\/\/centros.uepb.edu.br\/ccbsa\/wp-json\/wp\/v2\/posts\/2118\/revisions"}],"wp:featuredmedia":[{"embeddable":true,"href":"https:\/\/centros.uepb.edu.br\/ccbsa\/wp-json\/wp\/v2\/media\/2120"}],"wp:attachment":[{"href":"https:\/\/centros.uepb.edu.br\/ccbsa\/wp-json\/wp\/v2\/media?parent=2118"}],"wp:term":[{"taxonomy":"category","embeddable":true,"href":"https:\/\/centros.uepb.edu.br\/ccbsa\/wp-json\/wp\/v2\/categories?post=2118"},{"taxonomy":"post_tag","embeddable":true,"href":"https:\/\/centros.uepb.edu.br\/ccbsa\/wp-json\/wp\/v2\/tags?post=2118"}],"curies":[{"name":"wp","href":"https:\/\/api.w.org\/{rel}","templated":true}]}}