{"id":2115,"date":"2014-07-23T13:59:51","date_gmt":"2014-07-23T13:59:51","guid":{"rendered":"https:\/\/centros.uepb.edu.br\/ccbsa\/?p=2115"},"modified":"2014-07-23T13:59:51","modified_gmt":"2014-07-23T13:59:51","slug":"proposta-extensionista-de-docente-do-campus-v-e-aprovada-em-edital-de-financiamento-do-mec","status":"publish","type":"post","link":"https:\/\/centros.uepb.edu.br\/ccbsa\/proposta-extensionista-de-docente-do-campus-v-e-aprovada-em-edital-de-financiamento-do-mec\/","title":{"rendered":"Proposta extensionista de docente do Campus V \u00e9 aprovada em edital de financiamento do MEC"},"content":{"rendered":"<p>Aplicar uma experi\u00eancia te\u00f3rico-metodol\u00f3gica interdisciplinar de ensino de g\u00eaneros acad\u00eamicos que auxilie o corpo discente na produ\u00e7\u00e3o textual, essa \u00e9 a perspectiva da a\u00e7\u00e3o extensionista da Universidade Estadual da Para\u00edba \u201cUma proposta dial\u00f3gica de ensino de g\u00eaneros acad\u00eamicos: nas fronteiras do projeto SESA\u201d, aprovado no Edital do Programa de Extens\u00e3o Universit\u00e1ria (ProExt-2015), que \u00e9 direcionado especificamente para propostas de extens\u00e3o das universidades brasileiras, atrav\u00e9s do Minist\u00e9rio da Educa\u00e7\u00e3o (MEC) e da Secretaria de Educa\u00e7\u00e3o Superior (SESU).<\/p>\n<p>Ao todo foram 13 propostas da UEPB, aprovadas neste edital, incluindo o projeto coordenado pela professora do curso de Arquivologia Eliete Correia dos Santos. Juntas as a\u00e7\u00f5es extensionistas ser\u00e3o contempladas com um suporte de R$ 700 mil para execu\u00e7\u00e3o das atividades.<\/p>\n<p>Inserida na linha tem\u00e1tica destinada \u00e0 propostas na \u00e1rea de \u201cCi\u00eancia, Tecnologia e Inova\u00e7\u00e3o para a Inclus\u00e3o Social\u201d, e sub\u00e1rea \u201cTecnologias Sociais\u201d o projeto desenvolvido pela docente do Campus V \u00e9 fruto de uma experi\u00eancia desenvolvida entre 2007 e 2010, atendendo aos discentes dos componentes curriculares \u201cMetodologia Cient\u00edfica\u201d e \u201cOficina de Texto II\u201d, do curso de Arquivologia, com a prepara\u00e7\u00e3o deste p\u00fablico para a produ\u00e7\u00e3o de trabalhos acad\u00eamicos e monografias.<\/p>\n<p>O projeto coordenado pela professora Eliete ser\u00e1 realizado no Campus V da UEPB e nas universidades do Porto e de Coimbra, al\u00e9m do Instituto Polit\u00e9cnico do Porto, todas em Portugal, envolvendo um p\u00fablico estimado de 200 pessoas entre discentes e docentes de gradua\u00e7\u00e3o e p\u00f3s gradua\u00e7\u00e3o, e t\u00e9cnicos administrativos.<\/p>\n<p>De acordo com a professora Eliete esse projeto busca \u201cestruturar uma proposta de ensino de g\u00eaneros acad\u00eamicos sem silenciar o car\u00e1ter dial\u00f3gico da linguagem, considerando a heterogeneidade e privilegiando a capacidade de ver a complexidade de um tema e a rede de vozes que precisam ser desveladas\u201d, destacou.<\/p>\n<p>O resultado final completo da sele\u00e7\u00e3o est\u00e1 dispon\u00edvel <a href=\"http:\/\/portal.mec.gov.br\/index.php?Itemid=490id=12243option=com_contentview=article\">aqui<\/a>.<\/p>\n","protected":false},"excerpt":{"rendered":"<p>Aplicar uma experi\u00eancia te\u00f3rico-metodol\u00f3gica interdisciplinar de ensino de g\u00eaneros acad\u00eamicos que auxilie o corpo discente na produ\u00e7\u00e3o textual, essa \u00e9 a perspectiva da a\u00e7\u00e3o extensionista da Universidade Estadual da Para\u00edba \u201cUma proposta dial\u00f3gica de ensino de g\u00eaneros acad\u00eamicos: nas fronteiras do projeto SESA\u201d, aprovado no Edital do Programa de Extens\u00e3o Universit\u00e1ria (ProExt-2015), que \u00e9 direcionado <a class=\"leiamais\" href=\"https:\/\/centros.uepb.edu.br\/ccbsa\/proposta-extensionista-de-docente-do-campus-v-e-aprovada-em-edital-de-financiamento-do-mec\/\">Leia Mais&#8230;<\/a><\/p>\n","protected":false},"author":8,"featured_media":0,"comment_status":"closed","ping_status":"closed","sticky":false,"template":"","format":"standard","meta":{"footnotes":""},"categories":[3,5],"tags":[],"class_list":["post-2115","post","type-post","status-publish","format-standard","hentry","category-noticias","category-visiveis"],"jetpack_featured_media_url":"","_links":{"self":[{"href":"https:\/\/centros.uepb.edu.br\/ccbsa\/wp-json\/wp\/v2\/posts\/2115","targetHints":{"allow":["GET"]}}],"collection":[{"href":"https:\/\/centros.uepb.edu.br\/ccbsa\/wp-json\/wp\/v2\/posts"}],"about":[{"href":"https:\/\/centros.uepb.edu.br\/ccbsa\/wp-json\/wp\/v2\/types\/post"}],"author":[{"embeddable":true,"href":"https:\/\/centros.uepb.edu.br\/ccbsa\/wp-json\/wp\/v2\/users\/8"}],"replies":[{"embeddable":true,"href":"https:\/\/centros.uepb.edu.br\/ccbsa\/wp-json\/wp\/v2\/comments?post=2115"}],"version-history":[{"count":0,"href":"https:\/\/centros.uepb.edu.br\/ccbsa\/wp-json\/wp\/v2\/posts\/2115\/revisions"}],"wp:attachment":[{"href":"https:\/\/centros.uepb.edu.br\/ccbsa\/wp-json\/wp\/v2\/media?parent=2115"}],"wp:term":[{"taxonomy":"category","embeddable":true,"href":"https:\/\/centros.uepb.edu.br\/ccbsa\/wp-json\/wp\/v2\/categories?post=2115"},{"taxonomy":"post_tag","embeddable":true,"href":"https:\/\/centros.uepb.edu.br\/ccbsa\/wp-json\/wp\/v2\/tags?post=2115"}],"curies":[{"name":"wp","href":"https:\/\/api.w.org\/{rel}","templated":true}]}}