{"id":2113,"date":"2014-07-23T12:18:36","date_gmt":"2014-07-23T12:18:36","guid":{"rendered":"https:\/\/centros.uepb.edu.br\/ccbsa\/?p=2113"},"modified":"2014-07-23T14:01:34","modified_gmt":"2014-07-23T14:01:34","slug":"coordenacao-de-relacoes-internacionais-divulga-calendario-de-defesas-de-trabalhos-de-conclusao-de-curso","status":"publish","type":"post","link":"https:\/\/centros.uepb.edu.br\/ccbsa\/coordenacao-de-relacoes-internacionais-divulga-calendario-de-defesas-de-trabalhos-de-conclusao-de-curso\/","title":{"rendered":"Coordena\u00e7\u00e3o de Rela\u00e7\u00f5es Internacionais divulga calend\u00e1rio de defesas de TCC"},"content":{"rendered":"<p>A coordena\u00e7\u00e3o do bacharelado em\u00a0Rela\u00e7\u00f5es Internacionais\u00a0da Universidade Estadual da Para\u00edba, divulgou o calend\u00e1rio de defesas dos Trabalhos de\u00a0Conclus\u00e3o de Curso dos formandos do per\u00edodo letivo 2014.1, que ser\u00e3o realizadas at\u00e9 o dia 4 de agosto, nas depend\u00eancias do Campus V da UEPB.\u00a0A cola\u00e7\u00e3o de grau do per\u00edodo letivo 2014.1 ocorrer\u00e1 dia 13 de agosto, no audit\u00f3rio da Federa\u00e7\u00e3o Esp\u00edrita Paraibana, localizada \u00e0\u00a0Avenida General Bento da Gama, 555, Torre. A paraninfa das turmas concluintes ser\u00e1 a professora Martha Simone, do curso de Ci\u00eancias Biol\u00f3gicas.<\/p>\n<p>Confira\u00a0[wpfilebase tag=fileurl id=92 linktext=aqui \/] o calend\u00e1rio de defesas.<\/p>\n","protected":false},"excerpt":{"rendered":"<p>A coordena\u00e7\u00e3o do bacharelado em\u00a0Rela\u00e7\u00f5es Internacionais\u00a0da Universidade Estadual da Para\u00edba, divulgou o calend\u00e1rio de defesas dos Trabalhos de\u00a0Conclus\u00e3o de Curso dos formandos do per\u00edodo letivo 2014.1, que ser\u00e3o realizadas at\u00e9 o dia 4 de agosto, nas depend\u00eancias do Campus V da UEPB.\u00a0A cola\u00e7\u00e3o de grau do per\u00edodo letivo 2014.1 ocorrer\u00e1 dia 13 de agosto, no <a class=\"leiamais\" href=\"https:\/\/centros.uepb.edu.br\/ccbsa\/coordenacao-de-relacoes-internacionais-divulga-calendario-de-defesas-de-trabalhos-de-conclusao-de-curso\/\">Leia Mais&#8230;<\/a><\/p>\n","protected":false},"author":8,"featured_media":0,"comment_status":"closed","ping_status":"closed","sticky":false,"template":"","format":"standard","meta":{"footnotes":""},"categories":[3,5],"tags":[],"class_list":["post-2113","post","type-post","status-publish","format-standard","hentry","category-noticias","category-visiveis"],"jetpack_featured_media_url":"","_links":{"self":[{"href":"https:\/\/centros.uepb.edu.br\/ccbsa\/wp-json\/wp\/v2\/posts\/2113","targetHints":{"allow":["GET"]}}],"collection":[{"href":"https:\/\/centros.uepb.edu.br\/ccbsa\/wp-json\/wp\/v2\/posts"}],"about":[{"href":"https:\/\/centros.uepb.edu.br\/ccbsa\/wp-json\/wp\/v2\/types\/post"}],"author":[{"embeddable":true,"href":"https:\/\/centros.uepb.edu.br\/ccbsa\/wp-json\/wp\/v2\/users\/8"}],"replies":[{"embeddable":true,"href":"https:\/\/centros.uepb.edu.br\/ccbsa\/wp-json\/wp\/v2\/comments?post=2113"}],"version-history":[{"count":0,"href":"https:\/\/centros.uepb.edu.br\/ccbsa\/wp-json\/wp\/v2\/posts\/2113\/revisions"}],"wp:attachment":[{"href":"https:\/\/centros.uepb.edu.br\/ccbsa\/wp-json\/wp\/v2\/media?parent=2113"}],"wp:term":[{"taxonomy":"category","embeddable":true,"href":"https:\/\/centros.uepb.edu.br\/ccbsa\/wp-json\/wp\/v2\/categories?post=2113"},{"taxonomy":"post_tag","embeddable":true,"href":"https:\/\/centros.uepb.edu.br\/ccbsa\/wp-json\/wp\/v2\/tags?post=2113"}],"curies":[{"name":"wp","href":"https:\/\/api.w.org\/{rel}","templated":true}]}}