{"id":2110,"date":"2014-07-22T14:51:07","date_gmt":"2014-07-22T14:51:07","guid":{"rendered":"https:\/\/centros.uepb.edu.br\/ccbsa\/?p=2110"},"modified":"2014-08-06T20:11:27","modified_gmt":"2014-08-06T20:11:27","slug":"secretaria-do-ccbsa-informa-sobre-o-prazo-para-a-entrega-de-becas-para-formandos","status":"publish","type":"post","link":"https:\/\/centros.uepb.edu.br\/ccbsa\/secretaria-do-ccbsa-informa-sobre-o-prazo-para-a-entrega-de-becas-para-formandos\/","title":{"rendered":"Secretaria do CCBSA informa sobre a entrega de becas para formandos do per\u00edodo 2014.1"},"content":{"rendered":"<p>A secretaria do Centro de Ci\u00eancias Biol\u00f3gicas e Sociais Aplicadas informa aos concluintes do per\u00edodo letivo 2014.1 que a entrega de becas\u00a0 est\u00e1 ocorrendo no referido setor.\u00a0A cola\u00e7\u00e3o de grau do per\u00edodo letivo 2014.1 ocorre no dia 13 de agosto, \u00e0s 18h, no Audit\u00f3rio da Federa\u00e7\u00e3o Esp\u00edrita Paraibana, localizada \u00e0\u00a0Avenida General Bento da Gama, 555, Torre. A paraninfa das turmas concluintes ser\u00e1 a professora Martha Simone, do curso de Ci\u00eancias Biol\u00f3gicas.<\/p>\n","protected":false},"excerpt":{"rendered":"<p>A secretaria do Centro de Ci\u00eancias Biol\u00f3gicas e Sociais Aplicadas informa aos concluintes do per\u00edodo letivo 2014.1 que a entrega de becas\u00a0 est\u00e1 ocorrendo no referido setor.\u00a0A cola\u00e7\u00e3o de grau do per\u00edodo letivo 2014.1 ocorre no dia 13 de agosto, \u00e0s 18h, no Audit\u00f3rio da Federa\u00e7\u00e3o Esp\u00edrita Paraibana, localizada \u00e0\u00a0Avenida General Bento da Gama, 555, <a class=\"leiamais\" href=\"https:\/\/centros.uepb.edu.br\/ccbsa\/secretaria-do-ccbsa-informa-sobre-o-prazo-para-a-entrega-de-becas-para-formandos\/\">Leia Mais&#8230;<\/a><\/p>\n","protected":false},"author":8,"featured_media":0,"comment_status":"closed","ping_status":"closed","sticky":false,"template":"","format":"standard","meta":{"footnotes":""},"categories":[3,5],"tags":[],"class_list":["post-2110","post","type-post","status-publish","format-standard","hentry","category-noticias","category-visiveis"],"jetpack_featured_media_url":"","_links":{"self":[{"href":"https:\/\/centros.uepb.edu.br\/ccbsa\/wp-json\/wp\/v2\/posts\/2110","targetHints":{"allow":["GET"]}}],"collection":[{"href":"https:\/\/centros.uepb.edu.br\/ccbsa\/wp-json\/wp\/v2\/posts"}],"about":[{"href":"https:\/\/centros.uepb.edu.br\/ccbsa\/wp-json\/wp\/v2\/types\/post"}],"author":[{"embeddable":true,"href":"https:\/\/centros.uepb.edu.br\/ccbsa\/wp-json\/wp\/v2\/users\/8"}],"replies":[{"embeddable":true,"href":"https:\/\/centros.uepb.edu.br\/ccbsa\/wp-json\/wp\/v2\/comments?post=2110"}],"version-history":[{"count":0,"href":"https:\/\/centros.uepb.edu.br\/ccbsa\/wp-json\/wp\/v2\/posts\/2110\/revisions"}],"wp:attachment":[{"href":"https:\/\/centros.uepb.edu.br\/ccbsa\/wp-json\/wp\/v2\/media?parent=2110"}],"wp:term":[{"taxonomy":"category","embeddable":true,"href":"https:\/\/centros.uepb.edu.br\/ccbsa\/wp-json\/wp\/v2\/categories?post=2110"},{"taxonomy":"post_tag","embeddable":true,"href":"https:\/\/centros.uepb.edu.br\/ccbsa\/wp-json\/wp\/v2\/tags?post=2110"}],"curies":[{"name":"wp","href":"https:\/\/api.w.org\/{rel}","templated":true}]}}