{"id":2100,"date":"2014-07-22T14:14:27","date_gmt":"2014-07-22T14:14:27","guid":{"rendered":"https:\/\/centros.uepb.edu.br\/ccbsa\/?p=2100"},"modified":"2014-07-23T12:11:39","modified_gmt":"2014-07-23T12:11:39","slug":"pos-graduacao-em-ecologia-e-conservacao-promove-palestra-com-pesquisadora-do-instituto-de-mar-e-ambiente-de-portugal","status":"publish","type":"post","link":"https:\/\/centros.uepb.edu.br\/ccbsa\/pos-graduacao-em-ecologia-e-conservacao-promove-palestra-com-pesquisadora-do-instituto-de-mar-e-ambiente-de-portugal\/","title":{"rendered":"P\u00f3s-gradua\u00e7\u00e3o em Ecologia e Conserva\u00e7\u00e3o promove palestra com pesquisadora de Portugal"},"content":{"rendered":"<p><a href=\"https:\/\/centros.uepb.edu.br\/ccbsa\/files\/2014\/07\/10550880_657458444331333_1275805659390776884_n.jpg\"><img loading=\"lazy\" decoding=\"async\" class=\"alignleft size-thumbnail wp-image-2102 img-responsive\" src=\"https:\/\/centros.uepb.edu.br\/ccbsa\/files\/2014\/07\/10550880_657458444331333_1275805659390776884_n-150x150.jpg\" alt=\"10550880_657458444331333_1275805659390776884_n\" width=\"150\" height=\"150\" \/><\/a>O Programa de P\u00f3s-Gradua\u00e7\u00e3o em Ecologia e Conserva\u00e7\u00e3o (PPGEC) da Universidade Estadual da Para\u00edba promove, nesta quarta-feira, 23 de julho, \u00e0s 18h45, no Anfiteatro I do Departamento de Biologias do Campus I da UEPB a palestra \u201cRedes tr\u00f3ficas em sistemas marinhos e costeiros\u201d, que ser\u00e1 ministrada pela pesquisadora visitante Joana Patr\u00edcio.<\/p>\n<p>A pesquisadora abordou o tema junto aos discentes e docentes de gradua\u00e7\u00e3o e p\u00f3s-gradua\u00e7\u00e3o do\u00a0 Campus I e Campus V da UEPB que participaram da palestra proferida no dia 18 de julho em Jo\u00e3o Pessoa e tamb\u00e9m ir\u00e1 apresentar a experi\u00eancia na \u00e1rea de ecologia de sistemas costeiros e estuarinos junto \u00e0 comunidade acad\u00eamica de Campina Grande.<\/p>\n<p>A vinda de Joana Patr\u00edcio, que \u00e9 pesquisadora do do Instituto do Ambiente e Sustentabilidade &#8211; It\u00e1lia, \u00e0 Para\u00edba foi viabilizada pelo projeto \u201cQue li\u00e7\u00f5es retirar do funcionamento ecol\u00f3gico em sistemas estuarinos da Para\u00edba? An\u00e1lise do efeito de perturba\u00e7\u00f5es naturais e antr\u00f3picas\u201d, que \u00e9 coordenado por pesquisadores do PPGEC da UEPB e foi contemplado pelo edital Ci\u00eancias sem Fronteiras.<\/p>\n<p>O projeto deve ser executado at\u00e9 dezembro de 2015 nas depend\u00eancias dos campi I e V da UEPB, e insere-se numa estrat\u00e9gia institucional de consolida\u00e7\u00e3o e expans\u00e3o do estudo de Ecologia e Conserva\u00e7\u00e3o de Ecossistemas Costeiros e Marinhos. Neste contexto, busca-se o desenvolvimento e a adequa\u00e7\u00e3o do uso de ferramentas de avalia\u00e7\u00e3o da condi\u00e7\u00e3o ecol\u00f3gica em ecossistemas estuarinos tropicais.<\/p>\n<p>&nbsp;<\/p>\n","protected":false},"excerpt":{"rendered":"<p>O Programa de P\u00f3s-Gradua\u00e7\u00e3o em Ecologia e Conserva\u00e7\u00e3o (PPGEC) da Universidade Estadual da Para\u00edba promove, nesta quarta-feira, 23 de julho, \u00e0s 18h45, no Anfiteatro I do Departamento de Biologias do Campus I da UEPB a palestra \u201cRedes tr\u00f3ficas em sistemas marinhos e costeiros\u201d, que ser\u00e1 ministrada pela pesquisadora visitante Joana Patr\u00edcio. A pesquisadora abordou o <a class=\"leiamais\" href=\"https:\/\/centros.uepb.edu.br\/ccbsa\/pos-graduacao-em-ecologia-e-conservacao-promove-palestra-com-pesquisadora-do-instituto-de-mar-e-ambiente-de-portugal\/\">Leia Mais&#8230;<\/a><\/p>\n","protected":false},"author":8,"featured_media":2101,"comment_status":"closed","ping_status":"closed","sticky":false,"template":"","format":"standard","meta":{"footnotes":""},"categories":[6],"tags":[],"class_list":["post-2100","post","type-post","status-publish","format-standard","has-post-thumbnail","hentry","category-slide"],"jetpack_featured_media_url":"https:\/\/centros.uepb.edu.br\/ccbsa\/files\/2014\/07\/Sem-t\u00edtulo-1.jpg","_links":{"self":[{"href":"https:\/\/centros.uepb.edu.br\/ccbsa\/wp-json\/wp\/v2\/posts\/2100","targetHints":{"allow":["GET"]}}],"collection":[{"href":"https:\/\/centros.uepb.edu.br\/ccbsa\/wp-json\/wp\/v2\/posts"}],"about":[{"href":"https:\/\/centros.uepb.edu.br\/ccbsa\/wp-json\/wp\/v2\/types\/post"}],"author":[{"embeddable":true,"href":"https:\/\/centros.uepb.edu.br\/ccbsa\/wp-json\/wp\/v2\/users\/8"}],"replies":[{"embeddable":true,"href":"https:\/\/centros.uepb.edu.br\/ccbsa\/wp-json\/wp\/v2\/comments?post=2100"}],"version-history":[{"count":0,"href":"https:\/\/centros.uepb.edu.br\/ccbsa\/wp-json\/wp\/v2\/posts\/2100\/revisions"}],"wp:featuredmedia":[{"embeddable":true,"href":"https:\/\/centros.uepb.edu.br\/ccbsa\/wp-json\/wp\/v2\/media\/2101"}],"wp:attachment":[{"href":"https:\/\/centros.uepb.edu.br\/ccbsa\/wp-json\/wp\/v2\/media?parent=2100"}],"wp:term":[{"taxonomy":"category","embeddable":true,"href":"https:\/\/centros.uepb.edu.br\/ccbsa\/wp-json\/wp\/v2\/categories?post=2100"},{"taxonomy":"post_tag","embeddable":true,"href":"https:\/\/centros.uepb.edu.br\/ccbsa\/wp-json\/wp\/v2\/tags?post=2100"}],"curies":[{"name":"wp","href":"https:\/\/api.w.org\/{rel}","templated":true}]}}