{"id":210,"date":"2013-06-14T17:33:05","date_gmt":"2013-06-14T17:33:05","guid":{"rendered":"\/ccbsa\/?p=210"},"modified":"2013-06-14T17:33:05","modified_gmt":"2013-06-14T17:33:05","slug":"campus-de-joao-pessoa-realiza-aula-magna-que-discute-etica-e-responsabilidade-socioambiental-no-seculo-xxi","status":"publish","type":"post","link":"https:\/\/centros.uepb.edu.br\/ccbsa\/campus-de-joao-pessoa-realiza-aula-magna-que-discute-etica-e-responsabilidade-socioambiental-no-seculo-xxi\/","title":{"rendered":"Campus de Jo\u00e3o Pessoa realiza aula-magna que discute \u00e9tica e responsabilidade socioambiental no s\u00e9culo XXI"},"content":{"rendered":"<p><a href=\"http:\/\/centros.ascom.uepb.edu.br\/ccbsa\/files\/2013\/06\/SAM_6094mod.jpg\"><img loading=\"lazy\" decoding=\"async\" class=\"size-thumbnail wp-image-212 alignleft img-responsive\" alt=\"SAM_6094mod\" src=\"http:\/\/centros.ascom.uepb.edu.br\/ccbsa\/files\/2013\/06\/SAM_6094mod-150x150.jpg\" width=\"150\" height=\"150\" \/><\/a>Estudantes de Arquivologia, Ci\u00eancias Biol\u00f3gicas e Rela\u00e7\u00f5es Internacionais, os tr\u00eas cursos de gradua\u00e7\u00e3o do Campus V da Universidade Estadual da Para\u00edba, em Jo\u00e3o Pessoa, se uniram para prestigiar a aula-magna do per\u00edodo 2013.1, realizada nesta quinta-feira (13), \u00e0s 10 e 19h, com tema \u201c\u00c9tica e responsabilidade socioambiental no s\u00e9culo XXI\u201d, abordado pelos pesquisadores convidados Marcelo Pelizzoli e Bartolomeu Leite da Silva.<\/p>\n<p>No per\u00edodo da manh\u00e3, o pesquisador Marcelo Pelizzoli, que possui doutorado em Filosofia, p\u00f3s-doutorado em Bio\u00e9tica (PUCRS) e \u00e9 professor da Universidade Federal de Pernambuco, trouxe um vi\u00e9s hist\u00f3rico, remontando algumas condi\u00e7\u00f5es culturais e econ\u00f4micas em busca do progresso que fez com que a sociedade chegasse ao momento de crise ecol\u00f3gica da atualidade. O professor Marcelo Pelizolli destacou que o desafio da atualidade \u00e9 construir um desenvolvimento sustent\u00e1vel com base numa mudan\u00e7a de posturas.<a href=\"http:\/\/centros.ascom.uepb.edu.br\/ccbsa\/files\/2013\/06\/AULA-MAGNA1mod.jpg\"><img loading=\"lazy\" decoding=\"async\" class=\"alignright size-thumbnail wp-image-214 img-responsive\" alt=\"AULA MAGNA1mod\" src=\"http:\/\/centros.ascom.uepb.edu.br\/ccbsa\/files\/2013\/06\/AULA-MAGNA1mod-150x150.jpg\" width=\"150\" height=\"150\" \/><\/a><\/p>\n<p>\u201cPara que o desenvolvimento sustent\u00e1vel realmente funcione precisamos desenvolver uma mentalidade nova. Enfim, \u00e9 uma quest\u00e3o desafiadora porque n\u00e3o se trata s\u00f3 de proteger as florestas, \u00e9 preciso discutir estilo de vida urbano, a polui\u00e7\u00e3o ambiental, \u00e9 preciso materializar quest\u00f5es que j\u00e1 s\u00e3o discutidas em debates que tem acontecido h\u00e1 anos em todo o mundo\u201d, explica Pelizolli.<br \/>\nDurante a palestra foi realizado o lan\u00e7amento de alguns livros de autoria do pesquisador, tais como \u201cSa\u00fade Integral\u201d e \u201cNovas vis\u00f5es em sa\u00fade\u201d, da EDUFPE, e alguns outros t\u00edtulos estar\u00e3o a disposi\u00e7\u00e3o do p\u00fablico para venda, como \u201cHomo Ecologicus\u201d, da EDUCS, 2011, e \u201cDi\u00e1logo, media\u00e7\u00e3o e pr\u00e1ticas restaurativas\u201d, da EDUFPE, 2012.<\/p>\n<p>\u00c0 noite, o professor Bartolomeu Leite da Silva, que possui Doutorado em Filosofia pela PUCRS e \u00e9 professor da gradua\u00e7\u00e3o e da p\u00f3s-gradua\u00e7\u00e3o em Filosofia da UFPB, trouxe uma reflex\u00e3o cr\u00edtica sobre a responsabilidade socioambiental, permeada por quest\u00f5es de \u00e9tica, direito, mobilidade econ\u00f4mica, entre outros aspectos da vida em sociedade. O docente suscitou alguns questionamentos que devem ser considerados quando se discute a tem\u00e1tica desta palestra, tais como: o que de fato a nossa forma\u00e7\u00e3o acad\u00eamica transforma no ambiente social? Com que direito e concep\u00e7\u00e3o \u00e9tica n\u00f3s escravizamos a natureza?<br \/>\nPara o professor Bartolomeu Leite \u201cn\u00f3s vivemos numa sociedade que metamorfoseia nossas concep\u00e7\u00f5es e \u00e9 preciso que nos tornemos esclarecidos no que diz respeito a essa rela\u00e7\u00e3o de domina\u00e7\u00e3o estabelecida entre o homem e a natureza\u201d.<\/p>\n<p><a href=\"http:\/\/centros.ascom.uepb.edu.br\/ccbsa\/files\/2013\/06\/SAM_6083mod.jpg\"><img loading=\"lazy\" decoding=\"async\" class=\"size-thumbnail wp-image-215 alignleft img-responsive\" alt=\"SAM_6083mod\" src=\"http:\/\/centros.ascom.uepb.edu.br\/ccbsa\/files\/2013\/06\/SAM_6083mod-150x150.jpg\" width=\"150\" height=\"150\" \/><\/a>Na ocasi\u00e3o, o diretor do CCBSA, professor Francisco Jaime Mendon\u00e7a, cumprimentou os estudantes rec\u00e9m-ingressos na institui\u00e7\u00e3o, agradeceu a todos pelo envolvimento nas atividades e destacou a qualifica\u00e7\u00e3o do corpo docente do Campus V, como uma forma de superar as dificuldades que surgem e possibilitar uma forma\u00e7\u00e3o de alto n\u00edvel para os discentes que cursam as gradua\u00e7\u00f5es e p\u00f3s-gradua\u00e7\u00f5es no local.<\/p>\n<p>O professor Francisco Jaime tamb\u00e9m falou sobre o projeto \u201cAdote sua \u00e1rvore\u201d, que foi criado no intuito de promover uma a\u00e7\u00e3o de paisagismo e consci\u00eancia ecol\u00f3gica com o envolvimento da comunidade acad\u00eamica e agradeceu ao professor \u00canio Wocily coordenador da iniciativa, al\u00e9m do coordenador do Programa \u201cAdote uma \u00e1rvore\u201d, professor Ivan Coelho, Horto Zoobot\u00e2nico de Jo\u00e3o Pessoa, SEMAM e Parque de Exposi\u00e7\u00f5es Agropecu\u00e1rias de Jo\u00e3o Pessoa, que contribu\u00edram com as doa\u00e7\u00f5es de mudas.<a href=\"http:\/\/centros.ascom.uepb.edu.br\/ccbsa\/files\/2013\/06\/SAM_6265modw.jpg\"><img loading=\"lazy\" decoding=\"async\" class=\"alignright size-thumbnail wp-image-216 img-responsive\" alt=\"SAM_6265modw\" src=\"http:\/\/centros.ascom.uepb.edu.br\/ccbsa\/files\/2013\/06\/SAM_6265modw-150x150.jpg\" width=\"150\" height=\"150\" \/><\/a><\/p>\n<p>Projeto Adote Sua \u00c1rvore<\/p>\n<p>Um das a\u00e7\u00f5es que integraram as atividades oficiais de in\u00edcio do per\u00edodo letivo no Campus V, foi o plantio de mudas de pau-brasil, ip\u00ea-amarelo, ip\u00ea-roxo, c\u00e1ssia-rosa, jasmim-manga, pata de vaca, saboneteiras, sibipirunas, romanzeiras, oitizeiros, pitangueiras, graviolas, neem, jambeiros, mangueiras, cajueiros e azeitonas pretas.<\/p>\n<p>As mudas foram adotadas por alunos, grupos de alunos, professores e setores do Campus V, que a partir de agora est\u00e3o respons\u00e1veis <a href=\"http:\/\/centros.ascom.uepb.edu.br\/ccbsa\/files\/2013\/06\/SAM_6255mod.jpg\"><img loading=\"lazy\" decoding=\"async\" class=\"size-thumbnail wp-image-217 alignleft img-responsive\" alt=\"SAM_6255mod\" src=\"http:\/\/centros.ascom.uepb.edu.br\/ccbsa\/files\/2013\/06\/SAM_6255mod-150x150.jpg\" width=\"150\" height=\"150\" \/><\/a>pelos cuidados e manuten\u00e7\u00e3o destas esp\u00e9cie durante o per\u00edodo em que estiverem na institui\u00e7\u00e3o.<\/p>\n<p>Al\u00e9m da quest\u00e3o ambiental e paisag\u00edstica, esta atitude segue um simbolismo referente ao Campus V, que, dentre as a\u00e7\u00f5es de sua inaugura\u00e7\u00e3o, em agosto de 2006, contou com uma atividade de plantio de \u00e1rvores no pr\u00e9dio da ESPEP, onde funcionava o Campus naquela \u00e9poca.<\/p>\n","protected":false},"excerpt":{"rendered":"<p>Estudantes de Arquivologia, Ci\u00eancias Biol\u00f3gicas e Rela\u00e7\u00f5es Internacionais, os tr\u00eas cursos de gradua\u00e7\u00e3o do Campus V da Universidade Estadual da Para\u00edba, em Jo\u00e3o Pessoa, se uniram para prestigiar a aula-magna do per\u00edodo 2013.1, realizada nesta quinta-feira (13), \u00e0s 10 e 19h, com tema \u201c\u00c9tica e responsabilidade socioambiental no s\u00e9culo XXI\u201d, abordado pelos pesquisadores convidados Marcelo <a class=\"leiamais\" href=\"https:\/\/centros.uepb.edu.br\/ccbsa\/campus-de-joao-pessoa-realiza-aula-magna-que-discute-etica-e-responsabilidade-socioambiental-no-seculo-xxi\/\">Leia Mais&#8230;<\/a><\/p>\n","protected":false},"author":8,"featured_media":211,"comment_status":"open","ping_status":"open","sticky":false,"template":"","format":"standard","meta":{"footnotes":""},"categories":[6],"tags":[],"class_list":["post-210","post","type-post","status-publish","format-standard","has-post-thumbnail","hentry","category-slide"],"jetpack_featured_media_url":"https:\/\/centros.uepb.edu.br\/ccbsa\/files\/2013\/06\/SAM_6077.jpg","_links":{"self":[{"href":"https:\/\/centros.uepb.edu.br\/ccbsa\/wp-json\/wp\/v2\/posts\/210","targetHints":{"allow":["GET"]}}],"collection":[{"href":"https:\/\/centros.uepb.edu.br\/ccbsa\/wp-json\/wp\/v2\/posts"}],"about":[{"href":"https:\/\/centros.uepb.edu.br\/ccbsa\/wp-json\/wp\/v2\/types\/post"}],"author":[{"embeddable":true,"href":"https:\/\/centros.uepb.edu.br\/ccbsa\/wp-json\/wp\/v2\/users\/8"}],"replies":[{"embeddable":true,"href":"https:\/\/centros.uepb.edu.br\/ccbsa\/wp-json\/wp\/v2\/comments?post=210"}],"version-history":[{"count":0,"href":"https:\/\/centros.uepb.edu.br\/ccbsa\/wp-json\/wp\/v2\/posts\/210\/revisions"}],"wp:featuredmedia":[{"embeddable":true,"href":"https:\/\/centros.uepb.edu.br\/ccbsa\/wp-json\/wp\/v2\/media\/211"}],"wp:attachment":[{"href":"https:\/\/centros.uepb.edu.br\/ccbsa\/wp-json\/wp\/v2\/media?parent=210"}],"wp:term":[{"taxonomy":"category","embeddable":true,"href":"https:\/\/centros.uepb.edu.br\/ccbsa\/wp-json\/wp\/v2\/categories?post=210"},{"taxonomy":"post_tag","embeddable":true,"href":"https:\/\/centros.uepb.edu.br\/ccbsa\/wp-json\/wp\/v2\/tags?post=210"}],"curies":[{"name":"wp","href":"https:\/\/api.w.org\/{rel}","templated":true}]}}