{"id":2098,"date":"2014-07-22T13:04:09","date_gmt":"2014-07-22T13:04:09","guid":{"rendered":"https:\/\/centros.uepb.edu.br\/ccbsa\/?p=2098"},"modified":"2014-07-30T11:21:16","modified_gmt":"2014-07-30T11:21:16","slug":"nucleo-de-linguas-do-campus-v-divulga-datas-de-matriculas-para-novatos-e-veteranos","status":"publish","type":"post","link":"https:\/\/centros.uepb.edu.br\/ccbsa\/nucleo-de-linguas-do-campus-v-divulga-datas-de-matriculas-para-novatos-e-veteranos\/","title":{"rendered":"N\u00facleo de l\u00ednguas do Campus V divulga datas de matr\u00edculas para novatos e veteranos"},"content":{"rendered":"<p>O N\u00facleo de L\u00ednguas do Campus V da Universidade Estadual da Para\u00edba, em Jo\u00e3o Pessoa, realiza, de 30 de julho a 7 de agosto, a matr\u00edcula de novatos e veteranos para os cursos de idiomas ofertados no local.<\/p>\n<p>Os estudantes novatos da UEPB podem realizar as matr\u00edculas nos dias 30 e 31 de julho, das 7 \u00e0s 13h.Os alunos veteranos devem efetuar a renova\u00e7\u00e3o das matr\u00edculas nos dias 4 de agosto, das 7 \u00e0s 13h, e 5 de agosto, das 7 \u00e0s 12h. E as matr\u00edculas de novatos, voltados \u00e0 comunidade em geral, ocorrem nos dias 6 e 7 de agosto, das 7 \u00e0s 13h.<\/p>\n<p>Ap\u00f3s o per\u00edodo de matr\u00edculas, no dia 8 de agosto, \u00e0s 8h30, ser\u00e1 realizada uma prova de nivelamento para os estudantes que j\u00e1 tenham algum conhecimento no idioma do curso, para que saibam em que est\u00e1gio da forma\u00e7\u00e3o ir\u00e3o se enquadrar.<\/p>\n<p>O N\u00facleo de L\u00ednguas do Campus V conta com cursos de\u00a0 l\u00edngua portuguesa, inglesa, francesa e espanhola oferecidos nos tr\u00eas turnos, de segunda \u00e0 sexta feira. As matr\u00edculas s\u00e3o realizadas na secretaria do setor que funciona \u00e0 Rua Hor\u00e1cio Trajano de Oliveira, s\/n, Cristo, Jo\u00e3o Pessoa.<\/p>\n<p>Outras informa\u00e7\u00f5es: (83) 3223- 1128 (ramal:214) \/ cl.uepb@gmail.com\/ <a href=\"http:\/\/facebook.com\/nlinguasv\">facebook.com\/nlinguasv<\/a><\/p>\n","protected":false},"excerpt":{"rendered":"<p>O N\u00facleo de L\u00ednguas do Campus V da Universidade Estadual da Para\u00edba, em Jo\u00e3o Pessoa, realiza, de 30 de julho a 7 de agosto, a matr\u00edcula de novatos e veteranos para os cursos de idiomas ofertados no local. Os estudantes novatos da UEPB podem realizar as matr\u00edculas nos dias 30 e 31 de julho, das <a class=\"leiamais\" href=\"https:\/\/centros.uepb.edu.br\/ccbsa\/nucleo-de-linguas-do-campus-v-divulga-datas-de-matriculas-para-novatos-e-veteranos\/\">Leia Mais&#8230;<\/a><\/p>\n","protected":false},"author":8,"featured_media":791,"comment_status":"closed","ping_status":"closed","sticky":false,"template":"","format":"standard","meta":{"footnotes":""},"categories":[6],"tags":[],"class_list":["post-2098","post","type-post","status-publish","format-standard","has-post-thumbnail","hentry","category-slide"],"jetpack_featured_media_url":"https:\/\/centros.uepb.edu.br\/ccbsa\/files\/2013\/08\/945423_133332960192680_698538821_n.jpg","_links":{"self":[{"href":"https:\/\/centros.uepb.edu.br\/ccbsa\/wp-json\/wp\/v2\/posts\/2098","targetHints":{"allow":["GET"]}}],"collection":[{"href":"https:\/\/centros.uepb.edu.br\/ccbsa\/wp-json\/wp\/v2\/posts"}],"about":[{"href":"https:\/\/centros.uepb.edu.br\/ccbsa\/wp-json\/wp\/v2\/types\/post"}],"author":[{"embeddable":true,"href":"https:\/\/centros.uepb.edu.br\/ccbsa\/wp-json\/wp\/v2\/users\/8"}],"replies":[{"embeddable":true,"href":"https:\/\/centros.uepb.edu.br\/ccbsa\/wp-json\/wp\/v2\/comments?post=2098"}],"version-history":[{"count":0,"href":"https:\/\/centros.uepb.edu.br\/ccbsa\/wp-json\/wp\/v2\/posts\/2098\/revisions"}],"wp:featuredmedia":[{"embeddable":true,"href":"https:\/\/centros.uepb.edu.br\/ccbsa\/wp-json\/wp\/v2\/media\/791"}],"wp:attachment":[{"href":"https:\/\/centros.uepb.edu.br\/ccbsa\/wp-json\/wp\/v2\/media?parent=2098"}],"wp:term":[{"taxonomy":"category","embeddable":true,"href":"https:\/\/centros.uepb.edu.br\/ccbsa\/wp-json\/wp\/v2\/categories?post=2098"},{"taxonomy":"post_tag","embeddable":true,"href":"https:\/\/centros.uepb.edu.br\/ccbsa\/wp-json\/wp\/v2\/tags?post=2098"}],"curies":[{"name":"wp","href":"https:\/\/api.w.org\/{rel}","templated":true}]}}