{"id":2094,"date":"2014-07-21T12:48:41","date_gmt":"2014-07-21T12:48:41","guid":{"rendered":"https:\/\/centros.uepb.edu.br\/ccbsa\/?p=2094"},"modified":"2014-07-21T12:49:28","modified_gmt":"2014-07-21T12:49:28","slug":"projeto-de-extensao-do-curso-de-arquivologia-promove-oficina-sobre-roteiro-voltado-a-producoes-audiovisuais","status":"publish","type":"post","link":"https:\/\/centros.uepb.edu.br\/ccbsa\/projeto-de-extensao-do-curso-de-arquivologia-promove-oficina-sobre-roteiro-voltado-a-producoes-audiovisuais\/","title":{"rendered":"Projeto de extens\u00e3o de Arquivologia promove oficina sobre roteiro voltado a produ\u00e7\u00f5es audiovisuais"},"content":{"rendered":"<p><a href=\"https:\/\/centros.uepb.edu.br\/ccbsa\/files\/2014\/06\/AUDIOVISUAL.jpg\"><img loading=\"lazy\" decoding=\"async\" class=\"alignleft size-thumbnail wp-image-1971 img-responsive\" src=\"https:\/\/centros.uepb.edu.br\/ccbsa\/files\/2014\/06\/AUDIOVISUAL-150x150.jpg\" alt=\"AUDIOVISUAL\" width=\"150\" height=\"150\" \/><\/a>O projeto do extens\u00e3o \u201cAudiovisualmentes: produzindo e mediando conte\u00fados educacionais como ferramenta de dissemina\u00e7\u00e3o social e comunica\u00e7\u00e3o pedag\u00f3gica\u201d, vinculado ao programa \u201cInforma\u00e7\u00e3o e Cogni\u00e7\u00e3o: socializando conte\u00fados informacionais articulados ao saber, \u00e0 cultura e \u00e0 mem\u00f3ria\u201d, promove, nesta ter\u00e7a-feira, 22 de julho, das 14 \u00e0s 17h, no audit\u00f3rio Pioneiros, uma oficina sobre roteiro para produ\u00e7\u00f5es audiovisuais.<\/p>\n<p>A oficina ser\u00e1 ministrada pelo cineasta Renam Virginio, que possui gradua\u00e7\u00e3o em Comunica\u00e7\u00e3o &#8211; m\u00eddias digitais pela Universidade Federal da Para\u00edba \u2013 UFPB e j\u00e1 atuou como diretor do document\u00e1rio \u201cFa\u00edsca \u2013 De Mundo Afora \u201c, dos curtas \u201cA persegui\u00e7\u00e3o\u201d e o videoclipe \u201cSkate\u201d do cantor Sacal.<\/p>\n<p>O evento \u00e9 direcionado \u00e0 comunidade acad\u00eamica da UEPB e aos alunos da Escola Estadual de Ensino M\u00e9dio Escritor Jos\u00e9 Lins do Rego.<\/p>\n<p>Mais informa\u00e7\u00f5es: <a href=\"https:\/\/www.facebook.com\/projetoaudiovisualmentes\">https:\/\/www.facebook.com\/projetoaudiovisualmentes<\/a><\/p>\n","protected":false},"excerpt":{"rendered":"<p>O projeto do extens\u00e3o \u201cAudiovisualmentes: produzindo e mediando conte\u00fados educacionais como ferramenta de dissemina\u00e7\u00e3o social e comunica\u00e7\u00e3o pedag\u00f3gica\u201d, vinculado ao programa \u201cInforma\u00e7\u00e3o e Cogni\u00e7\u00e3o: socializando conte\u00fados informacionais articulados ao saber, \u00e0 cultura e \u00e0 mem\u00f3ria\u201d, promove, nesta ter\u00e7a-feira, 22 de julho, das 14 \u00e0s 17h, no audit\u00f3rio Pioneiros, uma oficina sobre roteiro para produ\u00e7\u00f5es audiovisuais. <a class=\"leiamais\" href=\"https:\/\/centros.uepb.edu.br\/ccbsa\/projeto-de-extensao-do-curso-de-arquivologia-promove-oficina-sobre-roteiro-voltado-a-producoes-audiovisuais\/\">Leia Mais&#8230;<\/a><\/p>\n","protected":false},"author":8,"featured_media":1971,"comment_status":"closed","ping_status":"closed","sticky":false,"template":"","format":"standard","meta":{"footnotes":""},"categories":[3,6],"tags":[],"class_list":["post-2094","post","type-post","status-publish","format-standard","has-post-thumbnail","hentry","category-noticias","category-slide"],"jetpack_featured_media_url":"https:\/\/centros.uepb.edu.br\/ccbsa\/files\/2014\/06\/AUDIOVISUAL.jpg","_links":{"self":[{"href":"https:\/\/centros.uepb.edu.br\/ccbsa\/wp-json\/wp\/v2\/posts\/2094","targetHints":{"allow":["GET"]}}],"collection":[{"href":"https:\/\/centros.uepb.edu.br\/ccbsa\/wp-json\/wp\/v2\/posts"}],"about":[{"href":"https:\/\/centros.uepb.edu.br\/ccbsa\/wp-json\/wp\/v2\/types\/post"}],"author":[{"embeddable":true,"href":"https:\/\/centros.uepb.edu.br\/ccbsa\/wp-json\/wp\/v2\/users\/8"}],"replies":[{"embeddable":true,"href":"https:\/\/centros.uepb.edu.br\/ccbsa\/wp-json\/wp\/v2\/comments?post=2094"}],"version-history":[{"count":0,"href":"https:\/\/centros.uepb.edu.br\/ccbsa\/wp-json\/wp\/v2\/posts\/2094\/revisions"}],"wp:featuredmedia":[{"embeddable":true,"href":"https:\/\/centros.uepb.edu.br\/ccbsa\/wp-json\/wp\/v2\/media\/1971"}],"wp:attachment":[{"href":"https:\/\/centros.uepb.edu.br\/ccbsa\/wp-json\/wp\/v2\/media?parent=2094"}],"wp:term":[{"taxonomy":"category","embeddable":true,"href":"https:\/\/centros.uepb.edu.br\/ccbsa\/wp-json\/wp\/v2\/categories?post=2094"},{"taxonomy":"post_tag","embeddable":true,"href":"https:\/\/centros.uepb.edu.br\/ccbsa\/wp-json\/wp\/v2\/tags?post=2094"}],"curies":[{"name":"wp","href":"https:\/\/api.w.org\/{rel}","templated":true}]}}