{"id":2091,"date":"2014-07-21T12:16:21","date_gmt":"2014-07-21T12:16:21","guid":{"rendered":"https:\/\/centros.uepb.edu.br\/ccbsa\/?p=2091"},"modified":"2014-07-21T12:16:21","modified_gmt":"2014-07-21T12:16:21","slug":"4o-seminario-de-saberes-arquivisticos-da-uepb-discutira-linguagens-e-praticas-sociais-na-universidade","status":"publish","type":"post","link":"https:\/\/centros.uepb.edu.br\/ccbsa\/4o-seminario-de-saberes-arquivisticos-da-uepb-discutira-linguagens-e-praticas-sociais-na-universidade\/","title":{"rendered":"4\u00ba Semin\u00e1rio de Saberes Arquiv\u00edsticos da UEPB discutir\u00e1 linguagens e pr\u00e1ticas sociais na universidade"},"content":{"rendered":"<p><a href=\"https:\/\/centros.uepb.edu.br\/ccbsa\/files\/2014\/07\/IV-Semin\u00e1rio-de-Saberes-Arquiv\u00edsticos-net.jpg\"><img loading=\"lazy\" decoding=\"async\" class=\"alignleft size-thumbnail wp-image-2092 img-responsive\" src=\"https:\/\/centros.uepb.edu.br\/ccbsa\/files\/2014\/07\/IV-Semin\u00e1rio-de-Saberes-Arquiv\u00edsticos-net-150x150.jpg\" alt=\"IV Semin\u00e1rio de Saberes Arquiv\u00edsticos - net\" width=\"150\" height=\"150\" \/><\/a>Workshops, mesas de discuss\u00e3o, palestras, mostras de linguagem, exibi\u00e7\u00e3o de p\u00f4steres e comunica\u00e7\u00f5es orais s\u00e3o algumas das atividades programadas para a 4\u00aa edi\u00e7\u00e3o do Semin\u00e1rio de Saberes Arquiv\u00edstico: viv\u00eancias de linguagens e pr\u00e1ticas sociais na universidade\u201d, que ser\u00e1 realizado de 25 de julho a 1\u00ba de agosto, no Campus V da Universidade Estadual da Para\u00edba.<\/p>\n<p>O evento que \u00e9 promovido pelo projeto \u201cSemin\u00e1rio de Saberes Arquiv\u00edsticos \u2013 SESA\u201d com o apoio da coordena\u00e7\u00e3o do curso de Arquivologia da UEPB, conta com a participa\u00e7\u00e3o de docentes e discentes do referido bacharelado na organiza\u00e7\u00e3o das atividades.<\/p>\n<p>Durantes as atividades ser\u00e3o discutidas aspectos relacionados \u00e0 arquitetura da informa\u00e7\u00e3o, acessibilidade e usabilidade, a escrita monogr\u00e1fica sem mist\u00e9rio, as possibilidades de inser\u00e7\u00e3o do arquivista no mercado de trabalho, resolu\u00e7\u00e3o de quest\u00f5es de portugu\u00eas e arquivologia de concurso, entre outros.<\/p>\n<p>As inscri\u00e7\u00f5es para o evento podem ser realizadas atrav\u00e9s do site do <a href=\"https:\/\/docs.google.com\/forms\/d\/1ZPxWbKw_GUgeLNthiLBZ4e3S1bOTCnK1VIYxExSJYx4\/viewform\">Projeto SESA<\/a> enquanto houver vagas.<\/p>\n<p>Outras informa\u00e7\u00f5es: <a href=\"http:\/\/generosnoensinosuperior.blogspot.com.br\/\">http:\/\/generosnoensinosuperior.blogspot.com.br\/<\/a><\/p>\n","protected":false},"excerpt":{"rendered":"<p>Workshops, mesas de discuss\u00e3o, palestras, mostras de linguagem, exibi\u00e7\u00e3o de p\u00f4steres e comunica\u00e7\u00f5es orais s\u00e3o algumas das atividades programadas para a 4\u00aa edi\u00e7\u00e3o do Semin\u00e1rio de Saberes Arquiv\u00edstico: viv\u00eancias de linguagens e pr\u00e1ticas sociais na universidade\u201d, que ser\u00e1 realizado de 25 de julho a 1\u00ba de agosto, no Campus V da Universidade Estadual da Para\u00edba. <a class=\"leiamais\" href=\"https:\/\/centros.uepb.edu.br\/ccbsa\/4o-seminario-de-saberes-arquivisticos-da-uepb-discutira-linguagens-e-praticas-sociais-na-universidade\/\">Leia Mais&#8230;<\/a><\/p>\n","protected":false},"author":8,"featured_media":2092,"comment_status":"closed","ping_status":"closed","sticky":false,"template":"","format":"standard","meta":{"footnotes":""},"categories":[6],"tags":[],"class_list":["post-2091","post","type-post","status-publish","format-standard","has-post-thumbnail","hentry","category-slide"],"jetpack_featured_media_url":"https:\/\/centros.uepb.edu.br\/ccbsa\/files\/2014\/07\/IV-Semin\u00e1rio-de-Saberes-Arquiv\u00edsticos-net.jpg","_links":{"self":[{"href":"https:\/\/centros.uepb.edu.br\/ccbsa\/wp-json\/wp\/v2\/posts\/2091","targetHints":{"allow":["GET"]}}],"collection":[{"href":"https:\/\/centros.uepb.edu.br\/ccbsa\/wp-json\/wp\/v2\/posts"}],"about":[{"href":"https:\/\/centros.uepb.edu.br\/ccbsa\/wp-json\/wp\/v2\/types\/post"}],"author":[{"embeddable":true,"href":"https:\/\/centros.uepb.edu.br\/ccbsa\/wp-json\/wp\/v2\/users\/8"}],"replies":[{"embeddable":true,"href":"https:\/\/centros.uepb.edu.br\/ccbsa\/wp-json\/wp\/v2\/comments?post=2091"}],"version-history":[{"count":0,"href":"https:\/\/centros.uepb.edu.br\/ccbsa\/wp-json\/wp\/v2\/posts\/2091\/revisions"}],"wp:featuredmedia":[{"embeddable":true,"href":"https:\/\/centros.uepb.edu.br\/ccbsa\/wp-json\/wp\/v2\/media\/2092"}],"wp:attachment":[{"href":"https:\/\/centros.uepb.edu.br\/ccbsa\/wp-json\/wp\/v2\/media?parent=2091"}],"wp:term":[{"taxonomy":"category","embeddable":true,"href":"https:\/\/centros.uepb.edu.br\/ccbsa\/wp-json\/wp\/v2\/categories?post=2091"},{"taxonomy":"post_tag","embeddable":true,"href":"https:\/\/centros.uepb.edu.br\/ccbsa\/wp-json\/wp\/v2\/tags?post=2091"}],"curies":[{"name":"wp","href":"https:\/\/api.w.org\/{rel}","templated":true}]}}