{"id":2084,"date":"2014-07-16T13:57:06","date_gmt":"2014-07-16T13:57:06","guid":{"rendered":"https:\/\/centros.uepb.edu.br\/ccbsa\/?p=2084"},"modified":"2014-07-16T14:04:54","modified_gmt":"2014-07-16T14:04:54","slug":"coordenacao-de-arquivologia-divulga-o-calendario-de-defesas-dos-trabalhos-de-conclusao-de-curso","status":"publish","type":"post","link":"https:\/\/centros.uepb.edu.br\/ccbsa\/coordenacao-de-arquivologia-divulga-o-calendario-de-defesas-dos-trabalhos-de-conclusao-de-curso\/","title":{"rendered":"Coordena\u00e7\u00e3o de Arquivologia divulga o calend\u00e1rio de defesas dos Trabalhos de Conclus\u00e3o de Curso"},"content":{"rendered":"<p>A coordena\u00e7\u00e3o do bacharelado em Arquivologia da Universidade Estadual da Para\u00edba, divulgou o calend\u00e1rio de defesas dos Trabalhos de\u00a0Conclus\u00e3o de Curso dos formandos do per\u00edodo letivo 2014.1, que ser\u00e3o realizadas de 17 a 23 de julho, nas depend\u00eancias do Campus V da UEPB.<\/p>\n<p>Al\u00e9m da defesa dos TCCs os formandos j\u00e1 participaram\u00a0de palestras sobre as normas da ABNT, ministrada pela professora Suerde Brito, e\u00a0de orienta\u00e7\u00e3o para a entrega final das produ\u00e7\u00f5es\u00a0realizada pelos bibliotec\u00e1rios do Campus V, Elesb\u00e3o Santiago Neto e Kleber Trajano. De acordo com a programa\u00e7\u00e3o o prazo final para a entrega de CD, termo de licen\u00e7a Dspace e declara\u00e7\u00e3o de autoriza\u00e7\u00e3o de entrega de TCCs na biblioteca \u00e9 1\u00ba de agosto. A cola\u00e7\u00e3o de grau do per\u00edodo letivo 2014.1 ocorrer\u00e1 dia 13 de agosto.<\/p>\n<p>Confira aqui o\u00a0[wpfilebase tag=fileurl id=90 linktext=&#8217;calend\u00e1rio&#8217; \/] de defesas.<\/p>\n","protected":false},"excerpt":{"rendered":"<p>A coordena\u00e7\u00e3o do bacharelado em Arquivologia da Universidade Estadual da Para\u00edba, divulgou o calend\u00e1rio de defesas dos Trabalhos de\u00a0Conclus\u00e3o de Curso dos formandos do per\u00edodo letivo 2014.1, que ser\u00e3o realizadas de 17 a 23 de julho, nas depend\u00eancias do Campus V da UEPB. Al\u00e9m da defesa dos TCCs os formandos j\u00e1 participaram\u00a0de palestras sobre as <a class=\"leiamais\" href=\"https:\/\/centros.uepb.edu.br\/ccbsa\/coordenacao-de-arquivologia-divulga-o-calendario-de-defesas-dos-trabalhos-de-conclusao-de-curso\/\">Leia Mais&#8230;<\/a><\/p>\n","protected":false},"author":8,"featured_media":0,"comment_status":"closed","ping_status":"closed","sticky":false,"template":"","format":"standard","meta":{"footnotes":""},"categories":[3,5],"tags":[],"class_list":["post-2084","post","type-post","status-publish","format-standard","hentry","category-noticias","category-visiveis"],"jetpack_featured_media_url":"","_links":{"self":[{"href":"https:\/\/centros.uepb.edu.br\/ccbsa\/wp-json\/wp\/v2\/posts\/2084","targetHints":{"allow":["GET"]}}],"collection":[{"href":"https:\/\/centros.uepb.edu.br\/ccbsa\/wp-json\/wp\/v2\/posts"}],"about":[{"href":"https:\/\/centros.uepb.edu.br\/ccbsa\/wp-json\/wp\/v2\/types\/post"}],"author":[{"embeddable":true,"href":"https:\/\/centros.uepb.edu.br\/ccbsa\/wp-json\/wp\/v2\/users\/8"}],"replies":[{"embeddable":true,"href":"https:\/\/centros.uepb.edu.br\/ccbsa\/wp-json\/wp\/v2\/comments?post=2084"}],"version-history":[{"count":0,"href":"https:\/\/centros.uepb.edu.br\/ccbsa\/wp-json\/wp\/v2\/posts\/2084\/revisions"}],"wp:attachment":[{"href":"https:\/\/centros.uepb.edu.br\/ccbsa\/wp-json\/wp\/v2\/media?parent=2084"}],"wp:term":[{"taxonomy":"category","embeddable":true,"href":"https:\/\/centros.uepb.edu.br\/ccbsa\/wp-json\/wp\/v2\/categories?post=2084"},{"taxonomy":"post_tag","embeddable":true,"href":"https:\/\/centros.uepb.edu.br\/ccbsa\/wp-json\/wp\/v2\/tags?post=2084"}],"curies":[{"name":"wp","href":"https:\/\/api.w.org\/{rel}","templated":true}]}}