{"id":2051,"date":"2014-07-02T14:09:08","date_gmt":"2014-07-02T14:09:08","guid":{"rendered":"\/ccbsa\/?p=2051"},"modified":"2014-07-11T11:38:29","modified_gmt":"2014-07-11T11:38:29","slug":"equipe-de-projetos-de-pesquisa-e-extensao-da-uepb-comemora-festejos-juninos-da-vila-vicentina-julia-freire","status":"publish","type":"post","link":"https:\/\/centros.uepb.edu.br\/ccbsa\/equipe-de-projetos-de-pesquisa-e-extensao-da-uepb-comemora-festejos-juninos-da-vila-vicentina-julia-freire\/","title":{"rendered":"Equipe de projetos de pesquisa e extens\u00e3o do CCBSA comemora festejos juninos da Vila Vicentina"},"content":{"rendered":"<p><a href=\"https:\/\/centros.uepb.edu.br\/ccbsa\/files\/2014\/07\/10463971_468575186610197_5873412111913749191_n.jpg\"><img loading=\"lazy\" decoding=\"async\" class=\"alignleft size-thumbnail wp-image-2052 img-responsive\" src=\"https:\/\/centros.uepb.edu.br\/ccbsa\/files\/2014\/07\/10463971_468575186610197_5873412111913749191_n-150x150.jpg\" alt=\"10463971_468575186610197_5873412111913749191_n\" width=\"150\" height=\"150\" \/><\/a>Bandeirinhas e bal\u00f5es, comidas t\u00edpicas, quadrilha, casamento matuto, esses s\u00e3o alguns dos elementos primordiais para uma aut\u00eantica festa junina que estiveram presentes na \u201cFolia Junina da Vila Vicentina J\u00falia Freire\u201d, realizada no dia de S\u00e3o Pedro, 29 de junho, na Institui\u00e7\u00e3o de Longa Perman\u00eancia para Idosos (ILPI) Vila Vicentina J\u00falia Freire (VVJF), localizada em Jo\u00e3o Pessoa, com v\u00e1rias atividades organizadas pelas equipes dos projetos de pesquisa \u201cRepresenta\u00e7\u00f5es sociais, narrativas e mem\u00f3rias da Vila Vicentina J\u00falia Freire\u201d, e extens\u00e3o \u201cPreserva\u00e7\u00e3o da mem\u00f3ria institucional: o caso do arquivo iconogr\u00e1fico da Vila Vicentina J\u00falia Freire\u201d, ambos da Universidade Estadual da Para\u00edba.<\/p>\n<p>A equipe de discentes envolvida nos projetos, que \u00e9 vinculada ao curso de Arquivologia e coordenada pela professora Suerde Brito, organizou a ornamenta\u00e7\u00e3o do espa\u00e7o, montou uma mostra junina com elementos da cultura e culin\u00e1ria caracter\u00edsticos nesse per\u00edodo, realizou uma exposi\u00e7\u00e3o de fotos do acervo da Vila, com imagens de festas juninas anteriores realizadas ao longo dos 70 anos da institui\u00e7\u00e3o e fez o registro fotogr\u00e1fico do evento. Na ocasi\u00e3o, tamb\u00e9m foi realizada a b\u00ean\u00e7\u00e3o e inaugura\u00e7\u00e3o da Sala de Fisioterapia da VVJF.<\/p>\n<p>De acordo com a professora Suerde Brito, as comemora\u00e7\u00f5es possibilitaram aos idosos momentos de divers\u00e3o e rememoraram os <a href=\"https:\/\/centros.uepb.edu.br\/ccbsa\/files\/2014\/07\/10427284_468583006609415_492319709219869879_n.jpg\"><img loading=\"lazy\" decoding=\"async\" class=\"alignright size-thumbnail wp-image-2053 img-responsive\" src=\"https:\/\/centros.uepb.edu.br\/ccbsa\/files\/2014\/07\/10427284_468583006609415_492319709219869879_n-150x150.jpg\" alt=\"10427284_468583006609415_492319709219869879_n\" width=\"150\" height=\"150\" \/><\/a>festejos de S\u00e3o Jo\u00e3o e S\u00e3o Pedro. A docente lembra ainda da import\u00e2ncia dessa iniciativa como forma da universidade cumprir o seu papel perante a sociedade.<\/p>\n<p>\u201cPoder articular ensino, pesquisa, extens\u00e3o e cultura, numa a\u00e7\u00e3o de dimens\u00e3o social e cidad\u00e3 dirigida \u00e0 Vila Vicentina J\u00falia Freire, me faz continuar acreditando que a Universidade e os jovens s\u00e3o capazes de transformar a sociedade. Parabenizo os graduandos de Arquivologia envolvidos nos projetos e com os quais aprendo, continuamente\u201d, destacou a professora Suerde.<\/p>\n<p><strong>Sobre os projetos<\/strong><\/p>\n<p>O projeto de extens\u00e3o \u201cPreserva\u00e7\u00e3o da mem\u00f3ria institucional: o caso do arquivo iconogr\u00e1fico da Vila Vicentina J\u00falia Freire\u201d, integra a cota da PROBEX 2013-2014, \u00e9 vinculado ao programa \u201cInforma\u00e7\u00e3o e Cogni\u00e7\u00e3o: socializando conte\u00fados informacionais articulados ao saber, \u00e0 cultura e \u00e0 mem\u00f3ria\u201d, e desenvolvido com o intuito de organizar, acondicionar e digitalizar o acervo iconogr\u00e1fico, al\u00e9m de realizar os registros fotogr\u00e1ficos dos eventos internos e externos da VVJF.<\/p>\n<p>O projeto conta com a participa\u00e7\u00e3o dos estudantes Anacilia Castro, Ana Cristina Fl\u00f4r, Mauro Porf\u00edrio J\u00fanior, Mayara dos Santos, Janielly dos Santos, Jandinete Leal, Pollyanna Gouveia e Thays David, todos vinculados ao bacharelado em Arquivologia da UEPB.<\/p>\n<p>Essa iniciativa \u00e9 uma continuidade do projeto de extens\u00e3o \u201cMem\u00f3ria da Vila: preserva\u00e7\u00e3o do acervo fotogr\u00e1fico de uma institui\u00e7\u00e3o de longa perman\u00eancia para idosos\u201d, realizado entre 2012 e 2013, sob a coordena\u00e7\u00e3o das Suerde Miranda de Oliveira Brito e Anna Carla Silva de Queiroz.<\/p>\n<p>J\u00e1 o projeto de pesquisa que integra o Programa Institucional de Bolsas de Inicia\u00e7\u00e3o Cient\u00edfica (PIBIC) da UEPB: \u201cRepresenta\u00e7\u00f5es sociais, narrativas e mem\u00f3rias da Vila Vicentina J\u00falia Freire\u201d, que conta com a participa\u00e7\u00e3o dos estudantes de Arquivologia Mauro Porf\u00edrio J\u00fanior, Mayara Virg\u00ednia e Anac\u00edlia Castro tem o objetivo de conhecer a hist\u00f3ria da Vila Vicentina J\u00falia Freire, a partir de suas mem\u00f3rias e representa\u00e7\u00f5es sociais.<\/p>\n","protected":false},"excerpt":{"rendered":"<p>Bandeirinhas e bal\u00f5es, comidas t\u00edpicas, quadrilha, casamento matuto, esses s\u00e3o alguns dos elementos primordiais para uma aut\u00eantica festa junina que estiveram presentes na \u201cFolia Junina da Vila Vicentina J\u00falia Freire\u201d, realizada no dia de S\u00e3o Pedro, 29 de junho, na Institui\u00e7\u00e3o de Longa Perman\u00eancia para Idosos (ILPI) Vila Vicentina J\u00falia Freire (VVJF), localizada em Jo\u00e3o <a class=\"leiamais\" href=\"https:\/\/centros.uepb.edu.br\/ccbsa\/equipe-de-projetos-de-pesquisa-e-extensao-da-uepb-comemora-festejos-juninos-da-vila-vicentina-julia-freire\/\">Leia Mais&#8230;<\/a><\/p>\n","protected":false},"author":8,"featured_media":2052,"comment_status":"closed","ping_status":"closed","sticky":false,"template":"","format":"standard","meta":{"footnotes":""},"categories":[1],"tags":[],"class_list":["post-2051","post","type-post","status-publish","format-standard","has-post-thumbnail","hentry","category-sem-categoria"],"jetpack_featured_media_url":"https:\/\/centros.uepb.edu.br\/ccbsa\/files\/2014\/07\/10463971_468575186610197_5873412111913749191_n.jpg","_links":{"self":[{"href":"https:\/\/centros.uepb.edu.br\/ccbsa\/wp-json\/wp\/v2\/posts\/2051","targetHints":{"allow":["GET"]}}],"collection":[{"href":"https:\/\/centros.uepb.edu.br\/ccbsa\/wp-json\/wp\/v2\/posts"}],"about":[{"href":"https:\/\/centros.uepb.edu.br\/ccbsa\/wp-json\/wp\/v2\/types\/post"}],"author":[{"embeddable":true,"href":"https:\/\/centros.uepb.edu.br\/ccbsa\/wp-json\/wp\/v2\/users\/8"}],"replies":[{"embeddable":true,"href":"https:\/\/centros.uepb.edu.br\/ccbsa\/wp-json\/wp\/v2\/comments?post=2051"}],"version-history":[{"count":0,"href":"https:\/\/centros.uepb.edu.br\/ccbsa\/wp-json\/wp\/v2\/posts\/2051\/revisions"}],"wp:featuredmedia":[{"embeddable":true,"href":"https:\/\/centros.uepb.edu.br\/ccbsa\/wp-json\/wp\/v2\/media\/2052"}],"wp:attachment":[{"href":"https:\/\/centros.uepb.edu.br\/ccbsa\/wp-json\/wp\/v2\/media?parent=2051"}],"wp:term":[{"taxonomy":"category","embeddable":true,"href":"https:\/\/centros.uepb.edu.br\/ccbsa\/wp-json\/wp\/v2\/categories?post=2051"},{"taxonomy":"post_tag","embeddable":true,"href":"https:\/\/centros.uepb.edu.br\/ccbsa\/wp-json\/wp\/v2\/tags?post=2051"}],"curies":[{"name":"wp","href":"https:\/\/api.w.org\/{rel}","templated":true}]}}