{"id":2044,"date":"2014-07-02T12:48:26","date_gmt":"2014-07-02T12:48:26","guid":{"rendered":"\/ccbsa\/?p=2044"},"modified":"2014-07-07T12:01:41","modified_gmt":"2014-07-07T12:01:41","slug":"coordenacao-de-arquivologia-divulga-calendario-de-atividades-de-conclusao-de-curso","status":"publish","type":"post","link":"https:\/\/centros.uepb.edu.br\/ccbsa\/coordenacao-de-arquivologia-divulga-calendario-de-atividades-de-conclusao-de-curso\/","title":{"rendered":"Coordena\u00e7\u00e3o de Arquivologia divulga calend\u00e1rio de atividades de conclus\u00e3o de curso"},"content":{"rendered":"<p>A coordena\u00e7\u00e3o do bacharelado em Arquivologia da Universidade Estadual da Para\u00edba, divulgou o calend\u00e1rio de atividades de conclus\u00e3o de curso para os formandos do per\u00edodo letivo 2014.1.<\/p>\n<p>De acordo com a programa\u00e7\u00e3o ser\u00e1 realizada, no dia 15 de julho, \u00e0s 18h30, no audit\u00f3rio Pioneiros, a palestra de orienta\u00e7\u00e3o para a entrega final do Trabalho de Conclus\u00e3o de Curso, que ser\u00e1 ministrada pelos bibliotec\u00e1rios do Campus V, Elesb\u00e3o Santiago Neto e Kleber Trajano. No dia 10 de julho, \u00e0s 18h30, no audit\u00f3rio Pioneiros, a docente do curso de Arquivologia Suerde Brito discutir\u00e1 quest\u00f5es referentes \u00e0s normas da Associa\u00e7\u00e3o Brasileira de Normas T\u00e9cnicas, ABNT.<\/p>\n<p>A defesa dos TCCs deve ocorrer de 17 a 23 de julho, e o prazo final para digita\u00e7\u00e3o de notas \u00e9 7 de agosto.<\/p>\n<p>Confira <a href=\"https:\/\/centros.uepb.edu.br\/ccbsa\/files\/2014\/07\/10509597_664455803633703_2630314249446332104_n.jpg\">aqui<\/a> o calend\u00e1rio completo.<\/p>\n","protected":false},"excerpt":{"rendered":"<p>A coordena\u00e7\u00e3o do bacharelado em Arquivologia da Universidade Estadual da Para\u00edba, divulgou o calend\u00e1rio de atividades de conclus\u00e3o de curso para os formandos do per\u00edodo letivo 2014.1. De acordo com a programa\u00e7\u00e3o ser\u00e1 realizada, no dia 15 de julho, \u00e0s 18h30, no audit\u00f3rio Pioneiros, a palestra de orienta\u00e7\u00e3o para a entrega final do Trabalho de <a class=\"leiamais\" href=\"https:\/\/centros.uepb.edu.br\/ccbsa\/coordenacao-de-arquivologia-divulga-calendario-de-atividades-de-conclusao-de-curso\/\">Leia Mais&#8230;<\/a><\/p>\n","protected":false},"author":8,"featured_media":0,"comment_status":"closed","ping_status":"closed","sticky":false,"template":"","format":"standard","meta":{"footnotes":""},"categories":[3,5],"tags":[],"class_list":["post-2044","post","type-post","status-publish","format-standard","hentry","category-noticias","category-visiveis"],"jetpack_featured_media_url":"","_links":{"self":[{"href":"https:\/\/centros.uepb.edu.br\/ccbsa\/wp-json\/wp\/v2\/posts\/2044","targetHints":{"allow":["GET"]}}],"collection":[{"href":"https:\/\/centros.uepb.edu.br\/ccbsa\/wp-json\/wp\/v2\/posts"}],"about":[{"href":"https:\/\/centros.uepb.edu.br\/ccbsa\/wp-json\/wp\/v2\/types\/post"}],"author":[{"embeddable":true,"href":"https:\/\/centros.uepb.edu.br\/ccbsa\/wp-json\/wp\/v2\/users\/8"}],"replies":[{"embeddable":true,"href":"https:\/\/centros.uepb.edu.br\/ccbsa\/wp-json\/wp\/v2\/comments?post=2044"}],"version-history":[{"count":0,"href":"https:\/\/centros.uepb.edu.br\/ccbsa\/wp-json\/wp\/v2\/posts\/2044\/revisions"}],"wp:attachment":[{"href":"https:\/\/centros.uepb.edu.br\/ccbsa\/wp-json\/wp\/v2\/media?parent=2044"}],"wp:term":[{"taxonomy":"category","embeddable":true,"href":"https:\/\/centros.uepb.edu.br\/ccbsa\/wp-json\/wp\/v2\/categories?post=2044"},{"taxonomy":"post_tag","embeddable":true,"href":"https:\/\/centros.uepb.edu.br\/ccbsa\/wp-json\/wp\/v2\/tags?post=2044"}],"curies":[{"name":"wp","href":"https:\/\/api.w.org\/{rel}","templated":true}]}}