{"id":2025,"date":"2014-06-25T12:56:05","date_gmt":"2014-06-25T12:56:05","guid":{"rendered":"\/ccbsa\/?p=2025"},"modified":"2014-06-25T12:56:05","modified_gmt":"2014-06-25T12:56:05","slug":"prograd-convoca-estudantes-para-regularizacao-de-vinculo-junto-a-universidade-estadual-da-paraiba","status":"publish","type":"post","link":"https:\/\/centros.uepb.edu.br\/ccbsa\/prograd-convoca-estudantes-para-regularizacao-de-vinculo-junto-a-universidade-estadual-da-paraiba\/","title":{"rendered":"PROGRAD convoca estudantes para regulariza\u00e7\u00e3o de v\u00ednculo junto a Universidade Estadual da Para\u00edba"},"content":{"rendered":"<p style=\"text-align: justify\">A Pr\u00f3-Reitoria de Gradua\u00e7\u00e3o (PROGRAD) da Universidade Estadual da Para\u00edba (UEPB) est\u00e1 convocando 173 estudantes para regularizarem sua situa\u00e7\u00e3o junto a Institui\u00e7\u00e3o, uma vez que, de acordo com informa\u00e7\u00f5es fornecidas pelo Minist\u00e9rio da Educa\u00e7\u00e3o (MEC), esses estudantes ocupam simultaneamente vagas em Institui\u00e7\u00f5es P\u00fablica de Ensino Superior distintas.<\/p>\n<p style=\"text-align: justify\">Conforme a Lei 12.089\/2009, \u201cuma mesma pessoa n\u00e3o pode ocupar, na condi\u00e7\u00e3o de estudante, simultaneamente, no curso de gradua\u00e7\u00e3o, duas vagas, no mesmo curso ou em cursos diferentes em uma ou mais de uma institui\u00e7\u00e3o p\u00fablica de ensino superior em todo o territ\u00f3rio nacional\u201d.<\/p>\n<p style=\"text-align: justify\">Caso o estudante opte por permanecer na UEPB, deve apresentar, no per\u00edodo de 26 de junho a 2 de julho, na PROGRAD, certid\u00e3o de que n\u00e3o possui outro vinculo educacional. Caso n\u00e3o compare\u00e7a ou n\u00e3o opte por uma das vagas, ter\u00e1 sua matr\u00edcula imediatamente cancelada e decretada a nulidade dos componentes curriculares cursados na UEPB.<\/p>\n<p style=\"text-align: justify\"><strong>Confira:<\/strong>\u00a0<a href=\"http:\/\/www.uepb.edu.br\/download\/outros_documentos_2014\/1806%20Rela\u00e7\u00e3o%20de%20alunos%202.pdf\">Lista de estudantes convocados<\/a><\/p>\n","protected":false},"excerpt":{"rendered":"<p>A Pr\u00f3-Reitoria de Gradua\u00e7\u00e3o (PROGRAD) da Universidade Estadual da Para\u00edba (UEPB) est\u00e1 convocando 173 estudantes para regularizarem sua situa\u00e7\u00e3o junto a Institui\u00e7\u00e3o, uma vez que, de acordo com informa\u00e7\u00f5es fornecidas pelo Minist\u00e9rio da Educa\u00e7\u00e3o (MEC), esses estudantes ocupam simultaneamente vagas em Institui\u00e7\u00f5es P\u00fablica de Ensino Superior distintas. Conforme a Lei 12.089\/2009, \u201cuma mesma pessoa n\u00e3o <a class=\"leiamais\" href=\"https:\/\/centros.uepb.edu.br\/ccbsa\/prograd-convoca-estudantes-para-regularizacao-de-vinculo-junto-a-universidade-estadual-da-paraiba\/\">Leia Mais&#8230;<\/a><\/p>\n","protected":false},"author":8,"featured_media":0,"comment_status":"closed","ping_status":"closed","sticky":false,"template":"","format":"standard","meta":{"footnotes":""},"categories":[3,5],"tags":[],"class_list":["post-2025","post","type-post","status-publish","format-standard","hentry","category-noticias","category-visiveis"],"jetpack_featured_media_url":"","_links":{"self":[{"href":"https:\/\/centros.uepb.edu.br\/ccbsa\/wp-json\/wp\/v2\/posts\/2025","targetHints":{"allow":["GET"]}}],"collection":[{"href":"https:\/\/centros.uepb.edu.br\/ccbsa\/wp-json\/wp\/v2\/posts"}],"about":[{"href":"https:\/\/centros.uepb.edu.br\/ccbsa\/wp-json\/wp\/v2\/types\/post"}],"author":[{"embeddable":true,"href":"https:\/\/centros.uepb.edu.br\/ccbsa\/wp-json\/wp\/v2\/users\/8"}],"replies":[{"embeddable":true,"href":"https:\/\/centros.uepb.edu.br\/ccbsa\/wp-json\/wp\/v2\/comments?post=2025"}],"version-history":[{"count":0,"href":"https:\/\/centros.uepb.edu.br\/ccbsa\/wp-json\/wp\/v2\/posts\/2025\/revisions"}],"wp:attachment":[{"href":"https:\/\/centros.uepb.edu.br\/ccbsa\/wp-json\/wp\/v2\/media?parent=2025"}],"wp:term":[{"taxonomy":"category","embeddable":true,"href":"https:\/\/centros.uepb.edu.br\/ccbsa\/wp-json\/wp\/v2\/categories?post=2025"},{"taxonomy":"post_tag","embeddable":true,"href":"https:\/\/centros.uepb.edu.br\/ccbsa\/wp-json\/wp\/v2\/tags?post=2025"}],"curies":[{"name":"wp","href":"https:\/\/api.w.org\/{rel}","templated":true}]}}