{"id":2010,"date":"2014-06-17T13:28:15","date_gmt":"2014-06-17T13:28:15","guid":{"rendered":"\/ccbsa\/?p=2010"},"modified":"2014-07-11T11:40:38","modified_gmt":"2014-07-11T11:40:38","slug":"nucleo-de-estudos-do-ccbsa-realiza-programacao-especial-em-alusao-ao-dia-mundial-dos-refugiados","status":"publish","type":"post","link":"https:\/\/centros.uepb.edu.br\/ccbsa\/nucleo-de-estudos-do-ccbsa-realiza-programacao-especial-em-alusao-ao-dia-mundial-dos-refugiados\/","title":{"rendered":"N\u00facleo de Estudos do CCBSA realiza programa\u00e7\u00e3o especial em alus\u00e3o ao dia mundial dos refugiados"},"content":{"rendered":"<p><a href=\"https:\/\/centros.uepb.edu.br\/ccbsa\/files\/2014\/06\/000_0385.jpg\"><img loading=\"lazy\" decoding=\"async\" class=\"alignleft size-thumbnail wp-image-2011 img-responsive\" src=\"https:\/\/centros.uepb.edu.br\/ccbsa\/files\/2014\/06\/000_0385-150x150.jpg\" alt=\"000_0385\" width=\"150\" height=\"150\" \/><\/a>Com o objetivo de promover uma discuss\u00e3o que marcasse as atividades alusivas ao Dia mundial dos refugiados, que ser\u00e1 em 20 de junho, o N\u00facleo de Estudo e Pesquisa sobre Deslocamentos Ambientais (Nepda), vinculado ao Campus V da Universidade Estadual da Para\u00edba, realizou, na manh\u00e3 desta ter\u00e7a-feira (17), uma programa\u00e7\u00e3o especial voltada ao p\u00fablico dos cursos de gradua\u00e7\u00e3o e p\u00f3s-gradua\u00e7\u00e3o em Rela\u00e7\u00f5es Internacionais da UEPB e demais interessados na tem\u00e1tica.<\/p>\n<p>Na oportunidade foi exibido o filme baseado na obra de Graciliano Ramos \u201cVidas Secas\u201d, que traz uma abordagem sobre os refugiados ambientais a partir de uma perspectiva familiar ao p\u00fablico nordestino, a seca.<\/p>\n<p>A exibi\u00e7\u00e3o foi seguida de uma discuss\u00e3o sobre o filme com a participa\u00e7\u00e3o da coordenadora do Nepda, professora Andrea Pac\u00edfico, do soci\u00f3logo e docente do Campus V, professor Vancarder Brito, da professora da UFPB Xaman Korai e do estudante de gradua\u00e7\u00e3o em Rela\u00e7\u00f5es Internacionais Reginaldo Neto.<\/p>\n<p>Ap\u00f3s as discuss\u00f5es os mestrandos em Rela\u00e7\u00f5es Internacionais da UEPB e estudantes de estudos migrat\u00f3rios Alex Douglas Rodrigues, Ana Beatriz Henriques, Eduardo Azevedo e Marconi Sobrinho apresentaram as pesquisas em andamento relacionadas \u00e0 tem\u00e1tica do evento. O evento foi encerrado com um debate sobre deslocados ambientais.<\/p>\n","protected":false},"excerpt":{"rendered":"<p>Com o objetivo de promover uma discuss\u00e3o que marcasse as atividades alusivas ao Dia mundial dos refugiados, que ser\u00e1 em 20 de junho, o N\u00facleo de Estudo e Pesquisa sobre Deslocamentos Ambientais (Nepda), vinculado ao Campus V da Universidade Estadual da Para\u00edba, realizou, na manh\u00e3 desta ter\u00e7a-feira (17), uma programa\u00e7\u00e3o especial voltada ao p\u00fablico dos <a class=\"leiamais\" href=\"https:\/\/centros.uepb.edu.br\/ccbsa\/nucleo-de-estudos-do-ccbsa-realiza-programacao-especial-em-alusao-ao-dia-mundial-dos-refugiados\/\">Leia Mais&#8230;<\/a><\/p>\n","protected":false},"author":8,"featured_media":2011,"comment_status":"closed","ping_status":"closed","sticky":false,"template":"","format":"standard","meta":{"footnotes":""},"categories":[1],"tags":[],"class_list":["post-2010","post","type-post","status-publish","format-standard","has-post-thumbnail","hentry","category-sem-categoria"],"jetpack_featured_media_url":"https:\/\/centros.uepb.edu.br\/ccbsa\/files\/2014\/06\/000_0385.jpg","_links":{"self":[{"href":"https:\/\/centros.uepb.edu.br\/ccbsa\/wp-json\/wp\/v2\/posts\/2010","targetHints":{"allow":["GET"]}}],"collection":[{"href":"https:\/\/centros.uepb.edu.br\/ccbsa\/wp-json\/wp\/v2\/posts"}],"about":[{"href":"https:\/\/centros.uepb.edu.br\/ccbsa\/wp-json\/wp\/v2\/types\/post"}],"author":[{"embeddable":true,"href":"https:\/\/centros.uepb.edu.br\/ccbsa\/wp-json\/wp\/v2\/users\/8"}],"replies":[{"embeddable":true,"href":"https:\/\/centros.uepb.edu.br\/ccbsa\/wp-json\/wp\/v2\/comments?post=2010"}],"version-history":[{"count":0,"href":"https:\/\/centros.uepb.edu.br\/ccbsa\/wp-json\/wp\/v2\/posts\/2010\/revisions"}],"wp:featuredmedia":[{"embeddable":true,"href":"https:\/\/centros.uepb.edu.br\/ccbsa\/wp-json\/wp\/v2\/media\/2011"}],"wp:attachment":[{"href":"https:\/\/centros.uepb.edu.br\/ccbsa\/wp-json\/wp\/v2\/media?parent=2010"}],"wp:term":[{"taxonomy":"category","embeddable":true,"href":"https:\/\/centros.uepb.edu.br\/ccbsa\/wp-json\/wp\/v2\/categories?post=2010"},{"taxonomy":"post_tag","embeddable":true,"href":"https:\/\/centros.uepb.edu.br\/ccbsa\/wp-json\/wp\/v2\/tags?post=2010"}],"curies":[{"name":"wp","href":"https:\/\/api.w.org\/{rel}","templated":true}]}}