{"id":2006,"date":"2014-06-17T13:05:12","date_gmt":"2014-06-17T13:05:12","guid":{"rendered":"\/ccbsa\/?p=2006"},"modified":"2014-07-11T11:41:53","modified_gmt":"2014-07-11T11:41:53","slug":"7o-mostra-da-memoria-cultural-junina-e-realizada-com-atividades-festivas-e-reflexao-sobre-a-copa-de-questoes-sociais","status":"publish","type":"post","link":"https:\/\/centros.uepb.edu.br\/ccbsa\/7o-mostra-da-memoria-cultural-junina-e-realizada-com-atividades-festivas-e-reflexao-sobre-a-copa-de-questoes-sociais\/","title":{"rendered":"7\u00ba Mostra da mem\u00f3ria cultural junina \u00e9 realizada com atividades festivas e de reflex\u00e3o"},"content":{"rendered":"<p><a href=\"https:\/\/centros.uepb.edu.br\/ccbsa\/files\/2014\/06\/SAM_7275.jpg\"><img loading=\"lazy\" decoding=\"async\" class=\"alignleft size-thumbnail wp-image-2000 img-responsive\" src=\"https:\/\/centros.uepb.edu.br\/ccbsa\/files\/2014\/06\/SAM_7275-150x150.jpg\" alt=\"SAM_7275\" width=\"150\" height=\"150\" \/><\/a>Stands demonstrativos, exibi\u00e7\u00e3o de v\u00eddeos, oficinas, apresenta\u00e7\u00f5es de m\u00fasica e dan\u00e7a, s\u00e3o algumas das atividades que integraram a 7\u00aa edi\u00e7\u00e3o da Mostra da Mem\u00f3ria Cultural Junina, realizada nesta segunda-feira (16) no Campus V da Universidade Estadual da Para\u00edba.<\/p>\n<p>Durante todo o dia os participantes da mostra puderam conferir a exibi\u00e7\u00e3o dos v\u00eddeos \u201cO vendedor de balas\u201d, \u201cMini hist\u00f3ria da educa\u00e7\u00e3o no Brasil\u201d, \u201cA caminho da copa\u201d, \u201cCrendices e religiosidades do S\u00e3o Jo\u00e3o\u201d e \u201cM\u00fasica e Dan\u00e7a\u201d, e visitar os stands que, al\u00e9m de apresentar as comidas t\u00edpicas e religiosidade t\u00edpicos desse per\u00edodo junino, <a href=\"https:\/\/centros.uepb.edu.br\/ccbsa\/files\/2014\/06\/SAM_7251.jpg\"><img loading=\"lazy\" decoding=\"async\" class=\"alignright size-thumbnail wp-image-2001 img-responsive\" src=\"https:\/\/centros.uepb.edu.br\/ccbsa\/files\/2014\/06\/SAM_7251-150x150.jpg\" alt=\"SAM_7251\" width=\"150\" height=\"150\" \/><\/a>possibilitaram uma reflex\u00e3o sobre os gastos com a Copa do Mundo em detrimento dos investimentos realizados no Brasil nas \u00e1reas de educa\u00e7\u00e3o, sa\u00fade, infraestrutura e combate \u00e0 seca.<\/p>\n<p>No per\u00edodo da manh\u00e3 foi realizada uma homenagem aos mestres da embolada, com a presen\u00e7a do cantador de c\u00f4co de embolada Geraldo Mousinho, e a representante do setor de m\u00fasica do SESC, Rosanna Chaves. No turno da tarde os estudantes do ensino m\u00e9dio da Escola Jos\u00e9 Lins do R\u00eago participaram de oficinas de dan\u00e7a, atividade que tamb\u00e9m <a href=\"https:\/\/centros.uepb.edu.br\/ccbsa\/files\/2014\/06\/WP_20140616_19_56_49_Pro.jpg\"><img loading=\"lazy\" decoding=\"async\" class=\"alignleft size-thumbnail wp-image-2007 img-responsive\" src=\"https:\/\/centros.uepb.edu.br\/ccbsa\/files\/2014\/06\/WP_20140616_19_56_49_Pro-150x150.jpg\" alt=\"WP_20140616_19_56_49_Pro\" width=\"150\" height=\"150\" \/><\/a>foi realizada no turno da noite com os discentes do Campus V.<\/p>\n<p>O evento contou ainda com as apresenta\u00e7\u00f5es de Xaxado da melhor idade reaprendendo a viver, Hip Hop Infect Break e foi encerrado com a anima\u00e7\u00e3o de trio de forr\u00f3 p\u00e9 de serra e uma quadrilha improvisada.<\/p>\n<p>Para os discentes do 1\u00ba per\u00edodo de Arquivologia, Carlos Alexandre e J\u00falia Ara\u00fajo, o evento foi uma oportunidade de utilizar a alegria dos festejos juninos e euforia da copa do mundo de futebol para conscientizar o p\u00fablico participante sobre os problemas sociais enfrentados em todo o pa\u00eds. \u201cN\u00e3o somos contra a copa do mundo, mas, precisamos ter consci\u00eancia dos valores gastos com est\u00e1dios e estrutura para esse evento, enquanto o pa\u00eds ainda passa por tantas dificuldades em v\u00e1rias \u00e1reas\u201d, destacaram os estudantes.<\/p>\n","protected":false},"excerpt":{"rendered":"<p>Stands demonstrativos, exibi\u00e7\u00e3o de v\u00eddeos, oficinas, apresenta\u00e7\u00f5es de m\u00fasica e dan\u00e7a, s\u00e3o algumas das atividades que integraram a 7\u00aa edi\u00e7\u00e3o da Mostra da Mem\u00f3ria Cultural Junina, realizada nesta segunda-feira (16) no Campus V da Universidade Estadual da Para\u00edba. Durante todo o dia os participantes da mostra puderam conferir a exibi\u00e7\u00e3o dos v\u00eddeos \u201cO vendedor de <a class=\"leiamais\" href=\"https:\/\/centros.uepb.edu.br\/ccbsa\/7o-mostra-da-memoria-cultural-junina-e-realizada-com-atividades-festivas-e-reflexao-sobre-a-copa-de-questoes-sociais\/\">Leia Mais&#8230;<\/a><\/p>\n","protected":false},"author":8,"featured_media":1999,"comment_status":"closed","ping_status":"closed","sticky":false,"template":"","format":"standard","meta":{"footnotes":""},"categories":[1],"tags":[],"class_list":["post-2006","post","type-post","status-publish","format-standard","has-post-thumbnail","hentry","category-sem-categoria"],"jetpack_featured_media_url":"https:\/\/centros.uepb.edu.br\/ccbsa\/files\/2014\/06\/SAM_7278.jpg","_links":{"self":[{"href":"https:\/\/centros.uepb.edu.br\/ccbsa\/wp-json\/wp\/v2\/posts\/2006","targetHints":{"allow":["GET"]}}],"collection":[{"href":"https:\/\/centros.uepb.edu.br\/ccbsa\/wp-json\/wp\/v2\/posts"}],"about":[{"href":"https:\/\/centros.uepb.edu.br\/ccbsa\/wp-json\/wp\/v2\/types\/post"}],"author":[{"embeddable":true,"href":"https:\/\/centros.uepb.edu.br\/ccbsa\/wp-json\/wp\/v2\/users\/8"}],"replies":[{"embeddable":true,"href":"https:\/\/centros.uepb.edu.br\/ccbsa\/wp-json\/wp\/v2\/comments?post=2006"}],"version-history":[{"count":0,"href":"https:\/\/centros.uepb.edu.br\/ccbsa\/wp-json\/wp\/v2\/posts\/2006\/revisions"}],"wp:featuredmedia":[{"embeddable":true,"href":"https:\/\/centros.uepb.edu.br\/ccbsa\/wp-json\/wp\/v2\/media\/1999"}],"wp:attachment":[{"href":"https:\/\/centros.uepb.edu.br\/ccbsa\/wp-json\/wp\/v2\/media?parent=2006"}],"wp:term":[{"taxonomy":"category","embeddable":true,"href":"https:\/\/centros.uepb.edu.br\/ccbsa\/wp-json\/wp\/v2\/categories?post=2006"},{"taxonomy":"post_tag","embeddable":true,"href":"https:\/\/centros.uepb.edu.br\/ccbsa\/wp-json\/wp\/v2\/tags?post=2006"}],"curies":[{"name":"wp","href":"https:\/\/api.w.org\/{rel}","templated":true}]}}