{"id":1998,"date":"2014-06-16T14:03:21","date_gmt":"2014-06-16T14:03:21","guid":{"rendered":"\/ccbsa\/?p=1998"},"modified":"2014-07-11T11:42:26","modified_gmt":"2014-07-11T11:42:26","slug":"7a-mostra-da-memoria-cultural-junina-tem-inicio-com-atividades-festivas-e-reflexao-sobre-a-copa-de-questoes-sociais","status":"publish","type":"post","link":"https:\/\/centros.uepb.edu.br\/ccbsa\/7a-mostra-da-memoria-cultural-junina-tem-inicio-com-atividades-festivas-e-reflexao-sobre-a-copa-de-questoes-sociais\/","title":{"rendered":"7\u00aa Mostra da mem\u00f3ria cultural junina tem in\u00edcio com atividades festivas e de reflex\u00e3o"},"content":{"rendered":"<p><a href=\"https:\/\/centros.uepb.edu.br\/ccbsa\/files\/2014\/06\/SAM_7275.jpg\"><img loading=\"lazy\" decoding=\"async\" class=\"alignleft size-thumbnail wp-image-2000 img-responsive\" src=\"https:\/\/centros.uepb.edu.br\/ccbsa\/files\/2014\/06\/SAM_7275-150x150.jpg\" alt=\"SAM_7275\" width=\"150\" height=\"150\" \/><\/a>Stands demonstrativos, exibi\u00e7\u00e3o de v\u00eddeos, oficinas, apresenta\u00e7\u00f5es de m\u00fasica e dan\u00e7a, s\u00e3o algumas das atividades que integram a 7\u00aa edi\u00e7\u00e3o da Mostra da Mem\u00f3ria Cultural Junina, realizada nesta segunda-feira (16) no Campus V da Universidade Estadual da Para\u00edba.<\/p>\n<p>O evento tem o objetivo de aproveitar a alegria das festividades juninas e copa do mundo de futebol para suscitar uma reflex\u00e3o sobre o momento vivido no pa\u00eds, suas prioridades de investimentos e quest\u00f5es sociais. Essa a\u00e7\u00e3o \u00e9 promovida pelos estudantes do 1\u00ba per\u00edodo do curso de Arquivologia, vinculados ao componente curricular Informa\u00e7\u00e3o e Sociedade, <a href=\"https:\/\/centros.uepb.edu.br\/ccbsa\/files\/2014\/06\/SAM_7251.jpg\"><img loading=\"lazy\" decoding=\"async\" class=\"alignright size-thumbnail wp-image-2001 img-responsive\" src=\"https:\/\/centros.uepb.edu.br\/ccbsa\/files\/2014\/06\/SAM_7251-150x150.jpg\" alt=\"SAM_7251\" width=\"150\" height=\"150\" \/><\/a>sob a coordena\u00e7\u00e3o do professor Henrique Fran\u00e7a.<\/p>\n<p>As atividades s\u00e3o gratuitas e abertas ao p\u00fablico em geral. Al\u00e9m da mostra dos v\u00eddeos \u201cO vendedor de balas\u201d, \u201cMini hist\u00f3ria da educa\u00e7\u00e3o no Brasil\u201d, \u201cA caminho da copa\u201d, \u201cCrendices e religiosidades do S\u00e3o Jo\u00e3o\u201d e \u201cM\u00fasica e Dan\u00e7a\u201d, o evento contar\u00e1 com as apresenta\u00e7\u00f5es de Xaxado da melhor idade reaprendendo a viver, Hip Hop Infect Break e ter\u00e1 ainda a anima\u00e7\u00e3o de trio de forr\u00f3 p\u00e9 de serra e uma quadrilha improvisada encerrando a programa\u00e7\u00e3o.<\/p>\n","protected":false},"excerpt":{"rendered":"<p>Stands demonstrativos, exibi\u00e7\u00e3o de v\u00eddeos, oficinas, apresenta\u00e7\u00f5es de m\u00fasica e dan\u00e7a, s\u00e3o algumas das atividades que integram a 7\u00aa edi\u00e7\u00e3o da Mostra da Mem\u00f3ria Cultural Junina, realizada nesta segunda-feira (16) no Campus V da Universidade Estadual da Para\u00edba. O evento tem o objetivo de aproveitar a alegria das festividades juninas e copa do mundo de <a class=\"leiamais\" href=\"https:\/\/centros.uepb.edu.br\/ccbsa\/7a-mostra-da-memoria-cultural-junina-tem-inicio-com-atividades-festivas-e-reflexao-sobre-a-copa-de-questoes-sociais\/\">Leia Mais&#8230;<\/a><\/p>\n","protected":false},"author":8,"featured_media":1999,"comment_status":"closed","ping_status":"closed","sticky":false,"template":"","format":"standard","meta":{"footnotes":""},"categories":[1],"tags":[],"class_list":["post-1998","post","type-post","status-publish","format-standard","has-post-thumbnail","hentry","category-sem-categoria"],"jetpack_featured_media_url":"https:\/\/centros.uepb.edu.br\/ccbsa\/files\/2014\/06\/SAM_7278.jpg","_links":{"self":[{"href":"https:\/\/centros.uepb.edu.br\/ccbsa\/wp-json\/wp\/v2\/posts\/1998","targetHints":{"allow":["GET"]}}],"collection":[{"href":"https:\/\/centros.uepb.edu.br\/ccbsa\/wp-json\/wp\/v2\/posts"}],"about":[{"href":"https:\/\/centros.uepb.edu.br\/ccbsa\/wp-json\/wp\/v2\/types\/post"}],"author":[{"embeddable":true,"href":"https:\/\/centros.uepb.edu.br\/ccbsa\/wp-json\/wp\/v2\/users\/8"}],"replies":[{"embeddable":true,"href":"https:\/\/centros.uepb.edu.br\/ccbsa\/wp-json\/wp\/v2\/comments?post=1998"}],"version-history":[{"count":0,"href":"https:\/\/centros.uepb.edu.br\/ccbsa\/wp-json\/wp\/v2\/posts\/1998\/revisions"}],"wp:featuredmedia":[{"embeddable":true,"href":"https:\/\/centros.uepb.edu.br\/ccbsa\/wp-json\/wp\/v2\/media\/1999"}],"wp:attachment":[{"href":"https:\/\/centros.uepb.edu.br\/ccbsa\/wp-json\/wp\/v2\/media?parent=1998"}],"wp:term":[{"taxonomy":"category","embeddable":true,"href":"https:\/\/centros.uepb.edu.br\/ccbsa\/wp-json\/wp\/v2\/categories?post=1998"},{"taxonomy":"post_tag","embeddable":true,"href":"https:\/\/centros.uepb.edu.br\/ccbsa\/wp-json\/wp\/v2\/tags?post=1998"}],"curies":[{"name":"wp","href":"https:\/\/api.w.org\/{rel}","templated":true}]}}