{"id":1996,"date":"2014-06-16T13:01:36","date_gmt":"2014-06-16T13:01:36","guid":{"rendered":"\/ccbsa\/?p=1996"},"modified":"2014-06-16T13:01:36","modified_gmt":"2014-06-16T13:01:36","slug":"pro-reitoria-de-graduacao-abre-inscricoes-para-escolha-de-orador-oficial-dos-concluintes-2014-1","status":"publish","type":"post","link":"https:\/\/centros.uepb.edu.br\/ccbsa\/pro-reitoria-de-graduacao-abre-inscricoes-para-escolha-de-orador-oficial-dos-concluintes-2014-1\/","title":{"rendered":"Pr\u00f3-Reitoria de Gradua\u00e7\u00e3o abre inscri\u00e7\u00f5es para escolha de Orador Oficial dos concluintes 2014.1"},"content":{"rendered":"<p style=\"text-align: justify\">A Pr\u00f3-Reitoria de Gradua\u00e7\u00e3o (PROGRAD) da Universidade Estadual da Para\u00edba (UEPB) divulgou nesta sexta-feira (13), portaria que estabelece os crit\u00e9rios para escolha do Orador Oficial das turmas concluintes do per\u00edodo 2014\/1. Ser\u00e3o aceitas as inscri\u00e7\u00f5es realizadas num prazo m\u00ednimo de 30 dias antes da Cola\u00e7\u00e3o de Grau.<\/p>\n<p style=\"text-align: justify\">Somente podem se inscrever estudantes concluintes no per\u00edodo letivo e que apresentem Coeficiente de Rendimento Escolar (CRE) igual ou superior a 7,0. A avalia\u00e7\u00e3o do discurso ser\u00e1 feita mediante an\u00e1lise do texto escrito no que se refere \u00e0 estrutura formal, ao conte\u00fado tem\u00e1tico, ao dom\u00ednio e \u00e0 organiza\u00e7\u00e3o da linguagem, observando os seguintes aspectos: estrutura formal, sauda\u00e7\u00e3o, trajet\u00f3ria acad\u00eamica dos formandos, considera\u00e7\u00f5es sobre o papel da Universidade no enriquecimento intelectual, na forma\u00e7\u00e3o cidad\u00e3, al\u00e9m de considera\u00e7\u00f5es finais e agradecimento.<\/p>\n<p style=\"text-align: justify\">A sele\u00e7\u00e3o do candidato a Orador Oficial das turmas concluintes levar\u00e1 em considera\u00e7\u00e3o a ordem de classifica\u00e7\u00e3o do discurso, em conformidade com a avalia\u00e7\u00e3o feita pela comiss\u00e3o julgadora. O resultado do concurso ser\u00e1 publicado na p\u00e1gina da Pr\u00f3-Reitoria de Gradua\u00e7\u00e3o, no site da UEPB.<\/p>\n<p style=\"text-align: justify\">Para se inscrever os candidatos dos c\u00e2mpus I e II devem se dirigir at\u00e9 a Coordena\u00e7\u00e3o do Cerimonial da UEPB, em Bodoc\u00f3ng\u00f3. J\u00e1 os dos demais c\u00e2mpus devem comparecer na Secretaria do Centro de seu respectivo curso e entregarem ficha de inscri\u00e7\u00e3o preenchida, c\u00f3pia do discurso em tr\u00eas vias, declara\u00e7\u00e3o de prov\u00e1vel concluinte emitida pela PROGRAD e Hist\u00f3rico Escolar atualizado.<\/p>\n<p style=\"text-align: justify\">Confira a <a href=\"http:\/\/www.uepb.edu.br\/download\/outros_documentos_2014\/1306%20PORTARIA-002-2014-altera%20portaria%20orador%20oficial.pdf\">portaria<\/a>.<\/p>\n","protected":false},"excerpt":{"rendered":"<p>A Pr\u00f3-Reitoria de Gradua\u00e7\u00e3o (PROGRAD) da Universidade Estadual da Para\u00edba (UEPB) divulgou nesta sexta-feira (13), portaria que estabelece os crit\u00e9rios para escolha do Orador Oficial das turmas concluintes do per\u00edodo 2014\/1. Ser\u00e3o aceitas as inscri\u00e7\u00f5es realizadas num prazo m\u00ednimo de 30 dias antes da Cola\u00e7\u00e3o de Grau. Somente podem se inscrever estudantes concluintes no per\u00edodo <a class=\"leiamais\" href=\"https:\/\/centros.uepb.edu.br\/ccbsa\/pro-reitoria-de-graduacao-abre-inscricoes-para-escolha-de-orador-oficial-dos-concluintes-2014-1\/\">Leia Mais&#8230;<\/a><\/p>\n","protected":false},"author":8,"featured_media":0,"comment_status":"closed","ping_status":"closed","sticky":false,"template":"","format":"standard","meta":{"footnotes":""},"categories":[3,5],"tags":[],"class_list":["post-1996","post","type-post","status-publish","format-standard","hentry","category-noticias","category-visiveis"],"jetpack_featured_media_url":"","_links":{"self":[{"href":"https:\/\/centros.uepb.edu.br\/ccbsa\/wp-json\/wp\/v2\/posts\/1996","targetHints":{"allow":["GET"]}}],"collection":[{"href":"https:\/\/centros.uepb.edu.br\/ccbsa\/wp-json\/wp\/v2\/posts"}],"about":[{"href":"https:\/\/centros.uepb.edu.br\/ccbsa\/wp-json\/wp\/v2\/types\/post"}],"author":[{"embeddable":true,"href":"https:\/\/centros.uepb.edu.br\/ccbsa\/wp-json\/wp\/v2\/users\/8"}],"replies":[{"embeddable":true,"href":"https:\/\/centros.uepb.edu.br\/ccbsa\/wp-json\/wp\/v2\/comments?post=1996"}],"version-history":[{"count":0,"href":"https:\/\/centros.uepb.edu.br\/ccbsa\/wp-json\/wp\/v2\/posts\/1996\/revisions"}],"wp:attachment":[{"href":"https:\/\/centros.uepb.edu.br\/ccbsa\/wp-json\/wp\/v2\/media?parent=1996"}],"wp:term":[{"taxonomy":"category","embeddable":true,"href":"https:\/\/centros.uepb.edu.br\/ccbsa\/wp-json\/wp\/v2\/categories?post=1996"},{"taxonomy":"post_tag","embeddable":true,"href":"https:\/\/centros.uepb.edu.br\/ccbsa\/wp-json\/wp\/v2\/tags?post=1996"}],"curies":[{"name":"wp","href":"https:\/\/api.w.org\/{rel}","templated":true}]}}