{"id":1989,"date":"2014-06-13T14:28:49","date_gmt":"2014-06-13T14:28:49","guid":{"rendered":"\/ccbsa\/?p=1989"},"modified":"2014-06-13T14:28:49","modified_gmt":"2014-06-13T14:28:49","slug":"estudantes-de-arquivologia-participam-de-oficina-sobre-o-prezi-como-ferramenta-didatico-informacional","status":"publish","type":"post","link":"https:\/\/centros.uepb.edu.br\/ccbsa\/estudantes-de-arquivologia-participam-de-oficina-sobre-o-prezi-como-ferramenta-didatico-informacional\/","title":{"rendered":"Estudantes de Arquivologia participam de oficina sobre o Prezi como ferramenta did\u00e1tico-informacional"},"content":{"rendered":"<p>&nbsp;<\/p>\n<p><a href=\"https:\/\/centros.uepb.edu.br\/ccbsa\/files\/2014\/06\/000_0379.jpg\"><img loading=\"lazy\" decoding=\"async\" class=\"alignleft size-thumbnail wp-image-1990 img-responsive\" src=\"https:\/\/centros.uepb.edu.br\/ccbsa\/files\/2014\/06\/000_0379-150x150.jpg\" alt=\"000_0379\" width=\"150\" height=\"150\" \/><\/a>Com o objetivo de possibilitar aos estudantes do curso de Arquivologia uma forma\u00e7\u00e3o articulada \u00e0s tend\u00eancias tecnol\u00f3gicas e informacionais da atualidade, foi realizada, na manh\u00e3 desta sexta-feira (13), no Campus V da Universidade Estadual da Para\u00edba, a oficina: \u201cO Prezi como ferramenta did\u00e1tico-informacional no contexto acad\u00eamico\u201d.<\/p>\n<p>Direcionada aos discentes dos componentes curriculares \u201cOficina de Textos I e II&#8221;, que integram o bacharelado em Arquivologia, sob a supervis\u00e3o da professora Eliete Correia Santos, a oficina contemplou quest\u00f5es como os conceitos gerias sobre tipos de apresenta\u00e7\u00e3o, como criar apresenta\u00e7\u00f5es utilizando o Prezi, a utiliza\u00e7\u00e3o de arquivos em Power Point, PDF, V\u00eddeo, Imagens, Sons, entre outros.<\/p>\n<p>&nbsp;<\/p>\n<p>A professora Eliete Santos\u00a0destaca a import\u00e2ncia dessa tem\u00e1tica no intuito de formar os estudantes para lidar com uma ferramenta\u00a0eu permite uma abordagem de conte\u00fados educacionais de forma atual e inovadora.\u00a0&#8220;Estamos diante de um novo formato de receber e transmitir informa\u00e7\u00e3o, e de uma busca incessante de conhecimento, o acesso ao mundo e as suas tradi\u00e7\u00f5es culturais, com muito mais efic\u00e1cia e rapidez que ontem. As novas Tecnologias da Informa\u00e7\u00e3o e da Comunica\u00e7\u00e3o (TIC), usadas na comunica\u00e7\u00e3o social, est\u00e3o cada vez mais interativas, pois permitem a troca de dados dos seus usu\u00e1rios com recursos que lhes permitem alternativas e aberturas das mais diferentes. Essas novas tecnologias que permitem a prepara\u00e7\u00e3o e manipula\u00e7\u00e3o cont\u00edgua de teores espec\u00edficos por parte do professor\/aluno e do aluno\/professor, codificando-os, decodificando-os, recodificando-os conforme as suas realidades, as suas hist\u00f3rias de vida e a tradi\u00e7\u00f5es em que vivem, permitem um entendimento mais eficaz, alternando os pap\u00e9is de emissor e receptor, como co-protagonistas e contribuintes da a\u00e7\u00e3o cognitiva&#8221;, destacou a docente.<\/p>\n<p>&nbsp;<\/p>\n","protected":false},"excerpt":{"rendered":"<p>&nbsp; Com o objetivo de possibilitar aos estudantes do curso de Arquivologia uma forma\u00e7\u00e3o articulada \u00e0s tend\u00eancias tecnol\u00f3gicas e informacionais da atualidade, foi realizada, na manh\u00e3 desta sexta-feira (13), no Campus V da Universidade Estadual da Para\u00edba, a oficina: \u201cO Prezi como ferramenta did\u00e1tico-informacional no contexto acad\u00eamico\u201d. Direcionada aos discentes dos componentes curriculares \u201cOficina de <a class=\"leiamais\" href=\"https:\/\/centros.uepb.edu.br\/ccbsa\/estudantes-de-arquivologia-participam-de-oficina-sobre-o-prezi-como-ferramenta-didatico-informacional\/\">Leia Mais&#8230;<\/a><\/p>\n","protected":false},"author":8,"featured_media":0,"comment_status":"open","ping_status":"open","sticky":false,"template":"","format":"standard","meta":{"footnotes":""},"categories":[3,5],"tags":[],"class_list":["post-1989","post","type-post","status-publish","format-standard","hentry","category-noticias","category-visiveis"],"jetpack_featured_media_url":"","_links":{"self":[{"href":"https:\/\/centros.uepb.edu.br\/ccbsa\/wp-json\/wp\/v2\/posts\/1989","targetHints":{"allow":["GET"]}}],"collection":[{"href":"https:\/\/centros.uepb.edu.br\/ccbsa\/wp-json\/wp\/v2\/posts"}],"about":[{"href":"https:\/\/centros.uepb.edu.br\/ccbsa\/wp-json\/wp\/v2\/types\/post"}],"author":[{"embeddable":true,"href":"https:\/\/centros.uepb.edu.br\/ccbsa\/wp-json\/wp\/v2\/users\/8"}],"replies":[{"embeddable":true,"href":"https:\/\/centros.uepb.edu.br\/ccbsa\/wp-json\/wp\/v2\/comments?post=1989"}],"version-history":[{"count":0,"href":"https:\/\/centros.uepb.edu.br\/ccbsa\/wp-json\/wp\/v2\/posts\/1989\/revisions"}],"wp:attachment":[{"href":"https:\/\/centros.uepb.edu.br\/ccbsa\/wp-json\/wp\/v2\/media?parent=1989"}],"wp:term":[{"taxonomy":"category","embeddable":true,"href":"https:\/\/centros.uepb.edu.br\/ccbsa\/wp-json\/wp\/v2\/categories?post=1989"},{"taxonomy":"post_tag","embeddable":true,"href":"https:\/\/centros.uepb.edu.br\/ccbsa\/wp-json\/wp\/v2\/tags?post=1989"}],"curies":[{"name":"wp","href":"https:\/\/api.w.org\/{rel}","templated":true}]}}