{"id":1985,"date":"2014-06-12T14:51:09","date_gmt":"2014-06-12T14:51:09","guid":{"rendered":"\/ccbsa\/?p=1985"},"modified":"2014-07-11T11:43:44","modified_gmt":"2014-07-11T11:43:44","slug":"curso-de-arquivologia-promove-setima-edicao-da-mostra-da-memoria-cultural-junina","status":"publish","type":"post","link":"https:\/\/centros.uepb.edu.br\/ccbsa\/curso-de-arquivologia-promove-setima-edicao-da-mostra-da-memoria-cultural-junina\/","title":{"rendered":"Curso de Arquivologia promove s\u00e9tima edi\u00e7\u00e3o da Mostra da Mem\u00f3ria Cultural Junina"},"content":{"rendered":"<p><a href=\"https:\/\/centros.uepb.edu.br\/ccbsa\/files\/2014\/06\/DSC03934ok1.jpg\"><img loading=\"lazy\" decoding=\"async\" class=\"alignleft wp-image-1987 size-thumbnail img-responsive\" src=\"https:\/\/centros.uepb.edu.br\/ccbsa\/files\/2014\/06\/DSC03934ok1-150x150.jpg\" alt=\"DSC03934ok\" width=\"150\" height=\"150\" \/><\/a>Com o objetivo de aproveitar a alegria das festividades juninas e copa do mundo de futebol para suscitar uma reflex\u00e3o sobre o momento vivido no pa\u00eds, suas prioridades de investimentos e quest\u00f5es sociais, os estudantes do 1\u00ba per\u00edodo do curso de Arquivologia da Universidade Estadual da Para\u00edba realizar\u00e3o, durante todo o dia 16 de junho, no hall de acesso ao audit\u00f3rio do Campus de Jo\u00e3o Pessoa, a 7\u00aa edi\u00e7\u00e3o da Mostra da Mem\u00f3ria Cultural Junina.<\/p>\n<p>O evento, que j\u00e1 se tornou tradicional no Campus V, \u00e9 uma atividade do componente curricular Informa\u00e7\u00e3o e Sociedade, coordenado pelo professor Henrique Fran\u00e7a e que conta com a participa\u00e7\u00e3o de toda a comunidade acad\u00eamica do CCBSA.<\/p>\n<p>Ao longo do dia ser\u00e3o realizadas apresenta\u00e7\u00f5es de m\u00fasica e dan\u00e7a, mostra de v\u00eddeo, oficinas e palestras &#8211; al\u00e9m das atra\u00e7\u00f5es nos estandes. O encerramento ocorre \u00e0s 20h com uma quadrilha aberta a todos ao som de um trio p\u00e9 de serra.<\/p>\n<p>&nbsp;<\/p>\n","protected":false},"excerpt":{"rendered":"<p>Com o objetivo de aproveitar a alegria das festividades juninas e copa do mundo de futebol para suscitar uma reflex\u00e3o sobre o momento vivido no pa\u00eds, suas prioridades de investimentos e quest\u00f5es sociais, os estudantes do 1\u00ba per\u00edodo do curso de Arquivologia da Universidade Estadual da Para\u00edba realizar\u00e3o, durante todo o dia 16 de junho, <a class=\"leiamais\" href=\"https:\/\/centros.uepb.edu.br\/ccbsa\/curso-de-arquivologia-promove-setima-edicao-da-mostra-da-memoria-cultural-junina\/\">Leia Mais&#8230;<\/a><\/p>\n","protected":false},"author":8,"featured_media":1987,"comment_status":"open","ping_status":"open","sticky":false,"template":"","format":"standard","meta":{"footnotes":""},"categories":[1],"tags":[],"class_list":["post-1985","post","type-post","status-publish","format-standard","has-post-thumbnail","hentry","category-sem-categoria"],"jetpack_featured_media_url":"https:\/\/centros.uepb.edu.br\/ccbsa\/files\/2014\/06\/DSC03934ok1.jpg","_links":{"self":[{"href":"https:\/\/centros.uepb.edu.br\/ccbsa\/wp-json\/wp\/v2\/posts\/1985","targetHints":{"allow":["GET"]}}],"collection":[{"href":"https:\/\/centros.uepb.edu.br\/ccbsa\/wp-json\/wp\/v2\/posts"}],"about":[{"href":"https:\/\/centros.uepb.edu.br\/ccbsa\/wp-json\/wp\/v2\/types\/post"}],"author":[{"embeddable":true,"href":"https:\/\/centros.uepb.edu.br\/ccbsa\/wp-json\/wp\/v2\/users\/8"}],"replies":[{"embeddable":true,"href":"https:\/\/centros.uepb.edu.br\/ccbsa\/wp-json\/wp\/v2\/comments?post=1985"}],"version-history":[{"count":0,"href":"https:\/\/centros.uepb.edu.br\/ccbsa\/wp-json\/wp\/v2\/posts\/1985\/revisions"}],"wp:featuredmedia":[{"embeddable":true,"href":"https:\/\/centros.uepb.edu.br\/ccbsa\/wp-json\/wp\/v2\/media\/1987"}],"wp:attachment":[{"href":"https:\/\/centros.uepb.edu.br\/ccbsa\/wp-json\/wp\/v2\/media?parent=1985"}],"wp:term":[{"taxonomy":"category","embeddable":true,"href":"https:\/\/centros.uepb.edu.br\/ccbsa\/wp-json\/wp\/v2\/categories?post=1985"},{"taxonomy":"post_tag","embeddable":true,"href":"https:\/\/centros.uepb.edu.br\/ccbsa\/wp-json\/wp\/v2\/tags?post=1985"}],"curies":[{"name":"wp","href":"https:\/\/api.w.org\/{rel}","templated":true}]}}