{"id":1982,"date":"2014-06-12T14:38:08","date_gmt":"2014-06-12T14:38:08","guid":{"rendered":"\/ccbsa\/?p=1982"},"modified":"2014-07-11T11:44:18","modified_gmt":"2014-07-11T11:44:18","slug":"projeto-do-ccbsa-prossegue-comemoracoes-alusivas-ao-dia-do-meio-ambiente-com-oficinas-de-reciclagem","status":"publish","type":"post","link":"https:\/\/centros.uepb.edu.br\/ccbsa\/projeto-do-ccbsa-prossegue-comemoracoes-alusivas-ao-dia-do-meio-ambiente-com-oficinas-de-reciclagem\/","title":{"rendered":"Projeto do CCBSA prossegue comemora\u00e7\u00f5es alusivas ao dia do meio ambiente com oficinas de reciclagem"},"content":{"rendered":"<p><a href=\"https:\/\/centros.uepb.edu.br\/ccbsa\/files\/2014\/06\/SAM_7228ok.jpg\"><img loading=\"lazy\" decoding=\"async\" class=\"alignleft wp-image-1983 size-thumbnail img-responsive\" src=\"https:\/\/centros.uepb.edu.br\/ccbsa\/files\/2014\/06\/SAM_7228ok-150x150.jpg\" alt=\"SAM_7228ok\" width=\"150\" height=\"150\" \/><\/a>Com o objetivo de apresentar possibilidades de reaproveitamento de um material que seria descartado na natureza, contribuindo com o meio ambiente e podendo gerar renda, o projeto \u201cInclus\u00e3o Social de catadores(as) de materiais recicl\u00e1veis da cidade de Jo\u00e3o Pessoa- PB\u201d, financiado pelo Minist\u00e9rio do Trabalho e pela Secretaria de Economia Solid\u00e1ria do Governo Federal, vinculado ao Campus V da Universidade Estadual da Para\u00edba, realizou nesta segunda e ter\u00e7a-feira (11), oficinas de reciclagem de garrafas pet, pneus e pallets .<\/p>\n<p>A atividade, realizada em parceria com a Empresa Paraibana de Abastecimento e Servi\u00e7os Agr\u00edcolas (Empasa), marcou as comemora\u00e7\u00f5es alusivas ao Dia Mundial do Meio Ambiente comemorado em 5 de junho. Foram contempladas 25 pessoas, entre catadores de material recicl\u00e1vel de Jo\u00e3o Pessoa e colaboradores da Empasa.<br \/>\nDurante as oficinas, ministradas pela decoradora e artista pl\u00e1stica Joseane Vogel, foram apresentadas t\u00e9cnicas simples e de baixo custo para transforma\u00e7\u00e3o de pneus, pallets e garrafas pet em m\u00f3veis e materiais de decora\u00e7\u00e3o. \u201cProcuramos mostrar ideias de utiliza\u00e7\u00e3o desse material, com o m\u00ednimo de gasto para que os participantes da oficina possam incrementar a renda, e, ao mesmo tempo, buscamos conscientiz\u00e1-los sobre a import\u00e2ncia de fazermos a nossa parte em favor do nosso planeta\u201d, destacou Joseana.<br \/>\nPara o membro da Associa\u00e7\u00e3o de Catadores de Jo\u00e3o Pessoa (ASCARE), Jos\u00e9 Miguel Maranh\u00e3o, essas oficinas s\u00e3o a oportunidade de despertar nos participantes um novo olhar sobre os materiais que os catadores encontram em abund\u00e2ncia jogados nas ruas e que podem ser transformados em m\u00f3veis ou produtos decorativos.<\/p>\n<p><strong>Sobre o projeto<\/strong><\/p>\n<p>Essas oficinas compreendem parte das atividades do projeto \u201cInclus\u00e3o Social de catadores (as) de materiais recicl\u00e1veis da cidade de Jo\u00e3o Pessoa- PB\u201d, que ser\u00e1 desenvolvido at\u00e9 2015, beneficiando uma m\u00e9dia de 600 catadores da capital do Estado.<br \/>\nDe acordo com a coordenadora do projeto, professora F\u00e1tima Ara\u00fajo, a iniciativa pretende proporcionar melhores condi\u00e7\u00f5es de vida e trabalho para os catadores de material recicl\u00e1vel de Jo\u00e3o Pessoa, fortalecendo sua participa\u00e7\u00e3o pol\u00edtica, incrementando a renda, adequando suas atividades \u00e0s normas de sa\u00fade e seguran\u00e7a no trabalho, inserindo-os em pol\u00edticas sociais, entre outros benef\u00edcios.<\/p>\n<p>Dentre as etapas do projeto implementadas pelo projeto est\u00e3o a capacita\u00e7\u00e3o de equipe t\u00e9cnica; identifica\u00e7\u00e3o, sensibiliza\u00e7\u00e3o, mobiliza\u00e7\u00e3o e cadastramento dos catadores de rua, lix\u00f5es e aterro sanit\u00e1rio de Jo\u00e3o Pessoa; inclus\u00e3o dos catadores no cadastro \u00fanico do Governo Federal e no Programa Brasil Alfabetizado, no caso dos n\u00e3o alfabetizados; organiza\u00e7\u00e3o de pontos de armazenamento e entrega volunt\u00e1ria de res\u00edduos; campanha de valoriza\u00e7\u00e3o da categoria; cria\u00e7\u00e3o de um espa\u00e7o de empreendimento econ\u00f4mico solid\u00e1rio, com galp\u00e3o, balan\u00e7as, esteiro, prensa, carrinhos de substitui\u00e7\u00e3o da tra\u00e7\u00e3o humana, entre outras a\u00e7\u00f5es.<\/p>\n<p>Tamb\u00e9m s\u00e3o realizadas periodicamente oficinas, cursos e eventos voltados ao p\u00fablico atendido pelo projeto.<\/p>\n","protected":false},"excerpt":{"rendered":"<p>Com o objetivo de apresentar possibilidades de reaproveitamento de um material que seria descartado na natureza, contribuindo com o meio ambiente e podendo gerar renda, o projeto \u201cInclus\u00e3o Social de catadores(as) de materiais recicl\u00e1veis da cidade de Jo\u00e3o Pessoa- PB\u201d, financiado pelo Minist\u00e9rio do Trabalho e pela Secretaria de Economia Solid\u00e1ria do Governo Federal, vinculado <a class=\"leiamais\" href=\"https:\/\/centros.uepb.edu.br\/ccbsa\/projeto-do-ccbsa-prossegue-comemoracoes-alusivas-ao-dia-do-meio-ambiente-com-oficinas-de-reciclagem\/\">Leia Mais&#8230;<\/a><\/p>\n","protected":false},"author":8,"featured_media":1983,"comment_status":"open","ping_status":"open","sticky":false,"template":"","format":"standard","meta":{"footnotes":""},"categories":[1],"tags":[],"class_list":["post-1982","post","type-post","status-publish","format-standard","has-post-thumbnail","hentry","category-sem-categoria"],"jetpack_featured_media_url":"https:\/\/centros.uepb.edu.br\/ccbsa\/files\/2014\/06\/SAM_7228ok.jpg","_links":{"self":[{"href":"https:\/\/centros.uepb.edu.br\/ccbsa\/wp-json\/wp\/v2\/posts\/1982","targetHints":{"allow":["GET"]}}],"collection":[{"href":"https:\/\/centros.uepb.edu.br\/ccbsa\/wp-json\/wp\/v2\/posts"}],"about":[{"href":"https:\/\/centros.uepb.edu.br\/ccbsa\/wp-json\/wp\/v2\/types\/post"}],"author":[{"embeddable":true,"href":"https:\/\/centros.uepb.edu.br\/ccbsa\/wp-json\/wp\/v2\/users\/8"}],"replies":[{"embeddable":true,"href":"https:\/\/centros.uepb.edu.br\/ccbsa\/wp-json\/wp\/v2\/comments?post=1982"}],"version-history":[{"count":0,"href":"https:\/\/centros.uepb.edu.br\/ccbsa\/wp-json\/wp\/v2\/posts\/1982\/revisions"}],"wp:featuredmedia":[{"embeddable":true,"href":"https:\/\/centros.uepb.edu.br\/ccbsa\/wp-json\/wp\/v2\/media\/1983"}],"wp:attachment":[{"href":"https:\/\/centros.uepb.edu.br\/ccbsa\/wp-json\/wp\/v2\/media?parent=1982"}],"wp:term":[{"taxonomy":"category","embeddable":true,"href":"https:\/\/centros.uepb.edu.br\/ccbsa\/wp-json\/wp\/v2\/categories?post=1982"},{"taxonomy":"post_tag","embeddable":true,"href":"https:\/\/centros.uepb.edu.br\/ccbsa\/wp-json\/wp\/v2\/tags?post=1982"}],"curies":[{"name":"wp","href":"https:\/\/api.w.org\/{rel}","templated":true}]}}