{"id":1970,"date":"2014-06-10T13:17:15","date_gmt":"2014-06-10T13:17:15","guid":{"rendered":"\/ccbsa\/?p=1970"},"modified":"2014-07-11T11:44:52","modified_gmt":"2014-07-11T11:44:52","slug":"projeto-de-extensao-do-curso-de-arquivologia-promove-oficina-de-producao-de-videos","status":"publish","type":"post","link":"https:\/\/centros.uepb.edu.br\/ccbsa\/projeto-de-extensao-do-curso-de-arquivologia-promove-oficina-de-producao-de-videos\/","title":{"rendered":"Projeto de extens\u00e3o do curso de Arquivologia promove oficina de produ\u00e7\u00e3o de v\u00eddeos"},"content":{"rendered":"<p><a href=\"https:\/\/centros.uepb.edu.br\/ccbsa\/files\/2014\/06\/AUDIOVISUAL.jpg\"><img loading=\"lazy\" decoding=\"async\" class=\"alignleft size-thumbnail wp-image-1971 img-responsive\" src=\"https:\/\/centros.uepb.edu.br\/ccbsa\/files\/2014\/06\/AUDIOVISUAL-150x150.jpg\" alt=\"AUDIOVISUAL\" width=\"150\" height=\"150\" \/><\/a>O projeto de extens\u00e3o do curso de Arquivologia da Universidade Estadual da Para\u00edba \u201cAudiovisualmentes\u201d, que \u00e9 vinculado ao programa \u201cInforma\u00e7\u00e3o e Cogni\u00e7\u00e3o: socializando conte\u00fados informacionais articulados ao saber, \u00e0 cultura e \u00e0 mem\u00f3ria\u201d, promove nesta ter\u00e7a e quarta-feira, 10 e 11 de junho, das 15 \u00e0s 18h, no audit\u00f3rio Pioneiros, uma oficina de introdu\u00e7\u00e3o \u00e0 realiza\u00e7\u00e3o de v\u00eddeos com c\u00e2meras compactas.<\/p>\n<p>A atividade ser\u00e1 ministrada pelo professor e fot\u00f3grafo da UFPB\/TV C\u00e2mara L\u00facio C\u00e9sar. Durante a oficina, que \u00e9 gratuita, tamb\u00e9m ser\u00e1 realizada a sele\u00e7\u00e3o dos colaboradores do projeto \u201cAudiovisualmentes\u201d. De acordo com o coordenador da iniciativa, professor Henrique Fran\u00e7a, a atividade \u00e9 voltada aos estudantes do Campus V da UEPB e Escola Jos\u00e9 Lins do R\u00eago que estejam interessados em aprofundar os conhecimentos sobre a tem\u00e1tica em quest\u00e3o e participar do projeto de extens\u00e3o.<\/p>\n","protected":false},"excerpt":{"rendered":"<p>O projeto de extens\u00e3o do curso de Arquivologia da Universidade Estadual da Para\u00edba \u201cAudiovisualmentes\u201d, que \u00e9 vinculado ao programa \u201cInforma\u00e7\u00e3o e Cogni\u00e7\u00e3o: socializando conte\u00fados informacionais articulados ao saber, \u00e0 cultura e \u00e0 mem\u00f3ria\u201d, promove nesta ter\u00e7a e quarta-feira, 10 e 11 de junho, das 15 \u00e0s 18h, no audit\u00f3rio Pioneiros, uma oficina de introdu\u00e7\u00e3o \u00e0 <a class=\"leiamais\" href=\"https:\/\/centros.uepb.edu.br\/ccbsa\/projeto-de-extensao-do-curso-de-arquivologia-promove-oficina-de-producao-de-videos\/\">Leia Mais&#8230;<\/a><\/p>\n","protected":false},"author":8,"featured_media":1971,"comment_status":"open","ping_status":"open","sticky":false,"template":"","format":"standard","meta":{"footnotes":""},"categories":[1],"tags":[],"class_list":["post-1970","post","type-post","status-publish","format-standard","has-post-thumbnail","hentry","category-sem-categoria"],"jetpack_featured_media_url":"https:\/\/centros.uepb.edu.br\/ccbsa\/files\/2014\/06\/AUDIOVISUAL.jpg","_links":{"self":[{"href":"https:\/\/centros.uepb.edu.br\/ccbsa\/wp-json\/wp\/v2\/posts\/1970","targetHints":{"allow":["GET"]}}],"collection":[{"href":"https:\/\/centros.uepb.edu.br\/ccbsa\/wp-json\/wp\/v2\/posts"}],"about":[{"href":"https:\/\/centros.uepb.edu.br\/ccbsa\/wp-json\/wp\/v2\/types\/post"}],"author":[{"embeddable":true,"href":"https:\/\/centros.uepb.edu.br\/ccbsa\/wp-json\/wp\/v2\/users\/8"}],"replies":[{"embeddable":true,"href":"https:\/\/centros.uepb.edu.br\/ccbsa\/wp-json\/wp\/v2\/comments?post=1970"}],"version-history":[{"count":0,"href":"https:\/\/centros.uepb.edu.br\/ccbsa\/wp-json\/wp\/v2\/posts\/1970\/revisions"}],"wp:featuredmedia":[{"embeddable":true,"href":"https:\/\/centros.uepb.edu.br\/ccbsa\/wp-json\/wp\/v2\/media\/1971"}],"wp:attachment":[{"href":"https:\/\/centros.uepb.edu.br\/ccbsa\/wp-json\/wp\/v2\/media?parent=1970"}],"wp:term":[{"taxonomy":"category","embeddable":true,"href":"https:\/\/centros.uepb.edu.br\/ccbsa\/wp-json\/wp\/v2\/categories?post=1970"},{"taxonomy":"post_tag","embeddable":true,"href":"https:\/\/centros.uepb.edu.br\/ccbsa\/wp-json\/wp\/v2\/tags?post=1970"}],"curies":[{"name":"wp","href":"https:\/\/api.w.org\/{rel}","templated":true}]}}