{"id":1965,"date":"2014-06-10T12:42:03","date_gmt":"2014-06-10T12:42:03","guid":{"rendered":"\/ccbsa\/?p=1965"},"modified":"2014-07-11T11:45:15","modified_gmt":"2014-07-11T11:45:15","slug":"cineclube-do-curso-de-arquivologia-realiza-exibicoes-de-filmes-com-a-tematica-da-memoria","status":"publish","type":"post","link":"https:\/\/centros.uepb.edu.br\/ccbsa\/cineclube-do-curso-de-arquivologia-realiza-exibicoes-de-filmes-com-a-tematica-da-memoria\/","title":{"rendered":"Cineclube do curso de Arquivologia realiza exibi\u00e7\u00f5es de filmes com a tem\u00e1tica da mem\u00f3ria"},"content":{"rendered":"<p><a href=\"https:\/\/centros.uepb.edu.br\/ccbsa\/files\/2014\/06\/000_03431.jpg\"><img loading=\"lazy\" decoding=\"async\" class=\"alignleft size-thumbnail wp-image-1967 img-responsive\" src=\"https:\/\/centros.uepb.edu.br\/ccbsa\/files\/2014\/06\/000_03431-150x150.jpg\" alt=\"000_0343\" width=\"150\" height=\"150\" \/><\/a>Discutir a mem\u00f3ria sob as perspectivas da hist\u00f3ria e da arquivologia, as rela\u00e7\u00f5es com a informa\u00e7\u00e3o e as possibilidades de ressignifica\u00e7\u00e3o, utilizando para esse fim a intermedia\u00e7\u00e3o da linguagem f\u00edlmica, esse foi o intuito das exibi\u00e7\u00f5es em bloco que marcaram a programa\u00e7\u00e3o de junho do Cineclube Mnemos\u00fdne (vinculado ao curso de Arquivologia da Universidade Estadual da Para\u00edba), realizadas de quarta a sexta-feira (6) no audit\u00f3rio do Campus V.<\/p>\n<p>Foram exibidos os filmes \u201cAmn\u00e9sia\u201d, \u201cNarradores de Jav\u00e9\u201d e \u201cUma Cidade sem Passado\u201d, que, a partir de enredos diferentes e utilizando elementos como o drama e o humor abordaram as diversas vertentes da mem\u00f3ria.<\/p>\n<p>Ap\u00f3s as exibi\u00e7\u00f5es foram realizados os debates que contaram com a participa\u00e7\u00e3o dos docentes do curso de Arquivologia Daniele de Oliveira, Henrique Fran\u00e7a, M\u00e1rcio Adriano Dias, Maria Jos\u00e9 Cordeiro, Nereida da Silva, Josemar Henrique de Melo, Rams\u00e9s Silva e Suerde Brito.<a href=\"https:\/\/centros.uepb.edu.br\/ccbsa\/files\/2014\/06\/000_03471.jpg\"><img loading=\"lazy\" decoding=\"async\" class=\"alignright size-thumbnail wp-image-1966 img-responsive\" src=\"https:\/\/centros.uepb.edu.br\/ccbsa\/files\/2014\/06\/000_03471-150x150.jpg\" alt=\"000_0347\" width=\"150\" height=\"150\" \/><\/a><\/p>\n<p>Participaram das atividades estudantes dos v\u00e1rios per\u00edodos do curso de Arquivologia, que puderam aprofundar o conhecimento acerca da tem\u00e1tica da mem\u00f3ria, informa\u00e7\u00e3o e arquivos e construir o conhecimento a partir de uma nova perspectiva que vai al\u00e9m das discuss\u00f5es no ambiente de sala de aula. \u201cO filme permite leituras mais leves da <a href=\"https:\/\/centros.uepb.edu.br\/ccbsa\/files\/2014\/06\/000_0354.jpg\"><img loading=\"lazy\" decoding=\"async\" class=\"alignleft size-thumbnail wp-image-1968 img-responsive\" src=\"https:\/\/centros.uepb.edu.br\/ccbsa\/files\/2014\/06\/000_0354-150x150.jpg\" alt=\"000_0354\" width=\"150\" height=\"150\" \/><\/a>realidade. De forma l\u00fadica o audiovisual favorece a abordagem de temas do nosso conte\u00fado curricular tornando-os mais acess\u00edveis\u201d, destaca o professor Josemar Henrique.<\/p>\n<p>De acordo com a professora Maria Jos\u00e9 Cordeiro, que coordena o projeto do \u201cCineclube Mnemos\u00fdne\u201d ao lado do professor Vancarder Sousa, essa foi a primeira vez que as atividades do projeto foram realizadas em um bloco tem\u00e1tico e, devido \u00e0 grande aceita\u00e7\u00e3o e efetiva participa\u00e7\u00e3o da comunidade acad\u00eamica, j\u00e1 est\u00e3o sendo programadas outras exibi\u00e7\u00f5es em blocos tem\u00e1ticos, um deles dever\u00e1 abordar a quest\u00e3o da diversidade sexual.<\/p>\n","protected":false},"excerpt":{"rendered":"<p>Discutir a mem\u00f3ria sob as perspectivas da hist\u00f3ria e da arquivologia, as rela\u00e7\u00f5es com a informa\u00e7\u00e3o e as possibilidades de ressignifica\u00e7\u00e3o, utilizando para esse fim a intermedia\u00e7\u00e3o da linguagem f\u00edlmica, esse foi o intuito das exibi\u00e7\u00f5es em bloco que marcaram a programa\u00e7\u00e3o de junho do Cineclube Mnemos\u00fdne (vinculado ao curso de Arquivologia da Universidade Estadual <a class=\"leiamais\" href=\"https:\/\/centros.uepb.edu.br\/ccbsa\/cineclube-do-curso-de-arquivologia-realiza-exibicoes-de-filmes-com-a-tematica-da-memoria\/\">Leia Mais&#8230;<\/a><\/p>\n","protected":false},"author":8,"featured_media":1967,"comment_status":"open","ping_status":"open","sticky":false,"template":"","format":"standard","meta":{"footnotes":""},"categories":[1],"tags":[],"class_list":["post-1965","post","type-post","status-publish","format-standard","has-post-thumbnail","hentry","category-sem-categoria"],"jetpack_featured_media_url":"https:\/\/centros.uepb.edu.br\/ccbsa\/files\/2014\/06\/000_03431.jpg","_links":{"self":[{"href":"https:\/\/centros.uepb.edu.br\/ccbsa\/wp-json\/wp\/v2\/posts\/1965","targetHints":{"allow":["GET"]}}],"collection":[{"href":"https:\/\/centros.uepb.edu.br\/ccbsa\/wp-json\/wp\/v2\/posts"}],"about":[{"href":"https:\/\/centros.uepb.edu.br\/ccbsa\/wp-json\/wp\/v2\/types\/post"}],"author":[{"embeddable":true,"href":"https:\/\/centros.uepb.edu.br\/ccbsa\/wp-json\/wp\/v2\/users\/8"}],"replies":[{"embeddable":true,"href":"https:\/\/centros.uepb.edu.br\/ccbsa\/wp-json\/wp\/v2\/comments?post=1965"}],"version-history":[{"count":0,"href":"https:\/\/centros.uepb.edu.br\/ccbsa\/wp-json\/wp\/v2\/posts\/1965\/revisions"}],"wp:featuredmedia":[{"embeddable":true,"href":"https:\/\/centros.uepb.edu.br\/ccbsa\/wp-json\/wp\/v2\/media\/1967"}],"wp:attachment":[{"href":"https:\/\/centros.uepb.edu.br\/ccbsa\/wp-json\/wp\/v2\/media?parent=1965"}],"wp:term":[{"taxonomy":"category","embeddable":true,"href":"https:\/\/centros.uepb.edu.br\/ccbsa\/wp-json\/wp\/v2\/categories?post=1965"},{"taxonomy":"post_tag","embeddable":true,"href":"https:\/\/centros.uepb.edu.br\/ccbsa\/wp-json\/wp\/v2\/tags?post=1965"}],"curies":[{"name":"wp","href":"https:\/\/api.w.org\/{rel}","templated":true}]}}