{"id":1961,"date":"2014-06-10T12:37:02","date_gmt":"2014-06-10T12:37:02","guid":{"rendered":"\/ccbsa\/?p=1961"},"modified":"2014-07-11T11:45:48","modified_gmt":"2014-07-11T11:45:48","slug":"estudantes-e-profissionais-paraibanos-participam-de-curso-de-justica-restaurativa-realizado-no-campus-v","status":"publish","type":"post","link":"https:\/\/centros.uepb.edu.br\/ccbsa\/estudantes-e-profissionais-paraibanos-participam-de-curso-de-justica-restaurativa-realizado-no-campus-v\/","title":{"rendered":"Estudantes e profissionais paraibanos participam de curso de Justi\u00e7a Restaurativa realizado no Campus V"},"content":{"rendered":"<p><a href=\"https:\/\/centros.uepb.edu.br\/ccbsa\/files\/2014\/06\/CURSO-2.jpg\"><img loading=\"lazy\" decoding=\"async\" class=\"alignleft size-thumbnail wp-image-1962 img-responsive\" src=\"https:\/\/centros.uepb.edu.br\/ccbsa\/files\/2014\/06\/CURSO-2-150x150.jpg\" alt=\"CURSO 2\" width=\"150\" height=\"150\" \/><\/a>Estudantes, docentes e profissionais de Rela\u00e7\u00f5es Internacionais, Direito, Psicologia, Pedagogia, al\u00e9m de representantes dos poderes executivo e judici\u00e1rio, participaram do curso \u201cIntrodu\u00e7\u00e3o \u00e0s pr\u00e1ticas restaurativas: novo foco de compreens\u00e3o dos conflitos\u201d, realizado na sexta-feira (6) no Campus V da Universidade Estadual da Para\u00edba.<\/p>\n<p>O curso, promovido pelo grupo de estudos de Paz e Seguran\u00e7a Mundial, que \u00e9 vinculado ao Centro de Ci\u00eancias Biol\u00f3gicas e Sociais Aplicadas da UEPB, foi ministrado pelo pesquisador da Universidade Federal de Pernambuco Marcelo Pelizzoli, que possui p\u00f3s-doutorado em Bio\u00e9tica e larga experi\u00eancia nacional e internacional nas \u00e1reas de \u00e9tica pr\u00e1tica, direitos humanos, com \u00eanfase em estudos em sujeito, cultura de paz, hermen\u00eautica, alteridade \u2013 resolu\u00e7\u00e3o de conflitos, epistemologia ambiental e da sa\u00fade.<\/p>\n<p>Durante a forma\u00e7\u00e3o foram abordados a compreens\u00e3o e os conceitos fundamentais sobre rela\u00e7\u00f5es e conflitos; vis\u00e3o sist\u00eamica dos conflitos; <a href=\"https:\/\/centros.uepb.edu.br\/ccbsa\/files\/2014\/06\/CURSO.jpg\"><img loading=\"lazy\" decoding=\"async\" class=\"alignright size-thumbnail wp-image-1963 img-responsive\" src=\"https:\/\/centros.uepb.edu.br\/ccbsa\/files\/2014\/06\/CURSO-150x150.jpg\" alt=\"CURSO\" width=\"150\" height=\"150\" \/><\/a>bases do di\u00e1logo aut\u00eantico; c\u00edrculos e justi\u00e7a restaurativa. Na oportunidade tamb\u00e9m foram aplicadas din\u00e2micas psicossociais para rela\u00e7\u00f5es e conflitos.<\/p>\n<p>De acordo com o professor M\u00e1rcio Adriano, que integra a comiss\u00e3o organizadora do evento, essa iniciativa, que \u00e9 pioneira no Estado da Para\u00edba, \u00e9 importante na medida em que apresenta uma vis\u00e3o n\u00e3o cartesiana e pouco trabalhada nos ambientes acad\u00eamicos mas, que precisa ser operacionalizada, da justi\u00e7a restaurativa. O pesquisador acrescenta que os participantes do curso est\u00e3o estimulados a agir como multiplicadores a partir dessa proposta de interven\u00e7\u00e3o educativa.<\/p>\n<p>&nbsp;<\/p>\n","protected":false},"excerpt":{"rendered":"<p>Estudantes, docentes e profissionais de Rela\u00e7\u00f5es Internacionais, Direito, Psicologia, Pedagogia, al\u00e9m de representantes dos poderes executivo e judici\u00e1rio, participaram do curso \u201cIntrodu\u00e7\u00e3o \u00e0s pr\u00e1ticas restaurativas: novo foco de compreens\u00e3o dos conflitos\u201d, realizado na sexta-feira (6) no Campus V da Universidade Estadual da Para\u00edba. O curso, promovido pelo grupo de estudos de Paz e Seguran\u00e7a Mundial, <a class=\"leiamais\" href=\"https:\/\/centros.uepb.edu.br\/ccbsa\/estudantes-e-profissionais-paraibanos-participam-de-curso-de-justica-restaurativa-realizado-no-campus-v\/\">Leia Mais&#8230;<\/a><\/p>\n","protected":false},"author":8,"featured_media":1962,"comment_status":"open","ping_status":"open","sticky":false,"template":"","format":"standard","meta":{"footnotes":""},"categories":[1],"tags":[],"class_list":["post-1961","post","type-post","status-publish","format-standard","has-post-thumbnail","hentry","category-sem-categoria"],"jetpack_featured_media_url":"https:\/\/centros.uepb.edu.br\/ccbsa\/files\/2014\/06\/CURSO-2.jpg","_links":{"self":[{"href":"https:\/\/centros.uepb.edu.br\/ccbsa\/wp-json\/wp\/v2\/posts\/1961","targetHints":{"allow":["GET"]}}],"collection":[{"href":"https:\/\/centros.uepb.edu.br\/ccbsa\/wp-json\/wp\/v2\/posts"}],"about":[{"href":"https:\/\/centros.uepb.edu.br\/ccbsa\/wp-json\/wp\/v2\/types\/post"}],"author":[{"embeddable":true,"href":"https:\/\/centros.uepb.edu.br\/ccbsa\/wp-json\/wp\/v2\/users\/8"}],"replies":[{"embeddable":true,"href":"https:\/\/centros.uepb.edu.br\/ccbsa\/wp-json\/wp\/v2\/comments?post=1961"}],"version-history":[{"count":0,"href":"https:\/\/centros.uepb.edu.br\/ccbsa\/wp-json\/wp\/v2\/posts\/1961\/revisions"}],"wp:featuredmedia":[{"embeddable":true,"href":"https:\/\/centros.uepb.edu.br\/ccbsa\/wp-json\/wp\/v2\/media\/1962"}],"wp:attachment":[{"href":"https:\/\/centros.uepb.edu.br\/ccbsa\/wp-json\/wp\/v2\/media?parent=1961"}],"wp:term":[{"taxonomy":"category","embeddable":true,"href":"https:\/\/centros.uepb.edu.br\/ccbsa\/wp-json\/wp\/v2\/categories?post=1961"},{"taxonomy":"post_tag","embeddable":true,"href":"https:\/\/centros.uepb.edu.br\/ccbsa\/wp-json\/wp\/v2\/tags?post=1961"}],"curies":[{"name":"wp","href":"https:\/\/api.w.org\/{rel}","templated":true}]}}