{"id":1915,"date":"2014-06-03T20:04:31","date_gmt":"2014-06-03T20:04:31","guid":{"rendered":"\/ccbsa\/?p=1915"},"modified":"2014-07-11T11:46:59","modified_gmt":"2014-07-11T11:46:59","slug":"cineclube-de-arquivologia-divulga-programacao-de-junho-com-exibicoes-de-filmes-sobre-memoria","status":"publish","type":"post","link":"https:\/\/centros.uepb.edu.br\/ccbsa\/cineclube-de-arquivologia-divulga-programacao-de-junho-com-exibicoes-de-filmes-sobre-memoria\/","title":{"rendered":"Cineclube de Arquivologia realiza exibi\u00e7\u00f5es de filmes em bloco voltadas \u00e0 tem\u00e1tica da mem\u00f3ria"},"content":{"rendered":"<p><a href=\"http:\/\/centros.ascom.uepb.edu.br\/ccbsa\/files\/2014\/06\/000_0343.jpg\"><img loading=\"lazy\" decoding=\"async\" class=\"alignleft size-thumbnail wp-image-1928 img-responsive\" src=\"http:\/\/centros.ascom.uepb.edu.br\/ccbsa\/files\/2014\/06\/000_0343-150x150.jpg\" alt=\"000_0343\" width=\"150\" height=\"150\" \/><\/a>Mem\u00f3ria, esquecimento, informa\u00e7\u00e3o e arquivo, s\u00e3o tem\u00e1ticas que integram o bloco de exibi\u00e7\u00f5es da primeira semana de junho do Cineclube Mnemos\u00fdne, vinculado ao curso de Arquivologia da Universidade Estadual da Para\u00edba (UEPB). As sess\u00f5es s\u00e3o gratuitas, abertas ao p\u00fablico em geral e ocorrem at\u00e9 essa sexta-feira, 6 de junho, no audit\u00f3rio do Campus V da UEPB, localizado a Rua Hor\u00e1cio Trajano de Oliveira, s\/n, Cristo Redentor, Jo\u00e3o Pessoa.<\/p>\n<p>O primeiro longa-metragem, que foi exibido nesta quarta-feira (4) pela manh\u00e3 foi \u201cAmn\u00e9sia\u201d, um filme norte-americano de 2000, escrito e dirigido por Christopher Nolan, baseado no conto &#8220;Memento Mori&#8221; de Jonathan Nolan, que trata da est\u00f3ria de um rapaz que teve a mulher brutalmente assassinada e parte em busca de seu criminoso. Por\u00e9m, este rapaz n\u00e3o consegue se lembrar por muito tempo de situa\u00e7\u00f5es recentes, o que o deixa a merc\u00ea <a href=\"http:\/\/centros.ascom.uepb.edu.br\/ccbsa\/files\/2014\/06\/000_0347.jpg\"><img loading=\"lazy\" decoding=\"async\" class=\"alignright size-thumbnail wp-image-1927 img-responsive\" src=\"http:\/\/centros.ascom.uepb.edu.br\/ccbsa\/files\/2014\/06\/000_0347-150x150.jpg\" alt=\"000_0347\" width=\"150\" height=\"150\" \/><\/a>de anota\u00e7\u00f5es e da confian\u00e7a nas pessoas.<\/p>\n<p>Ap\u00f3s a exibi\u00e7\u00e3o houve um debate com a participa\u00e7\u00e3o dos docentes do curso de Arquivologia Henrique Fran\u00e7a, M\u00e1rcio Adriano Dias e Suerde Brito, com a media\u00e7\u00e3o da professora Maria Jos\u00e9 Cordeiro.<\/p>\n<p><a href=\"http:\/\/centros.ascom.uepb.edu.br\/ccbsa\/files\/2014\/06\/Narradores-de-Jav\u00e9.jpg\"><img loading=\"lazy\" decoding=\"async\" class=\"alignleft wp-image-1918 size-thumbnail img-responsive\" src=\"http:\/\/centros.ascom.uepb.edu.br\/ccbsa\/files\/2014\/06\/Narradores-de-Jav\u00e9-150x150.jpg\" alt=\"Narradores de Jav\u00e9\" width=\"150\" height=\"150\" \/><\/a>Na quinta-feira, 5 de junho, \u00e0s 8h, ser\u00e1 exibida a com\u00e9dia brasileira \u201cNarradores de Jav\u00e9\u201d, uma narrativa sobre a pequena cidade de Jav\u00e9, que est\u00e1 amea\u00e7ada de ser submersa pelas \u00e1guas de uma represa. Seus moradores n\u00e3o ser\u00e3o indenizados e n\u00e3o foram sequer notificados porque n\u00e3o possuem registros nem documentos das terras. Inconformados, descobrem que o local poderia ser preservado se tivesse um patrim\u00f4nio hist\u00f3rico de valor comprovado em \u201cdocumento cient\u00edfico\u201d. Decidem ent\u00e3o preparar um documento contando a hist\u00f3ria da cidade, para que Jav\u00e9 possa escapar da destrui\u00e7\u00e3o.<\/p>\n<p>Na oportunidade os professores do curso de Arquivologia Josemar Henrique de Melo e Rams\u00e9s Silva discutir\u00e3o sobre a rela\u00e7\u00e3o entre arquivo, informa\u00e7\u00e3o e mem\u00f3ria, contando com a media\u00e7\u00e3o da professora Maria Jos\u00e9 Cordeiro.<\/p>\n<p><a href=\"http:\/\/centros.ascom.uepb.edu.br\/ccbsa\/files\/2014\/06\/Uma-Cidade-Sem-Passado.jpg\"><img loading=\"lazy\" decoding=\"async\" class=\"alignright wp-image-1919 size-thumbnail img-responsive\" src=\"http:\/\/centros.ascom.uepb.edu.br\/ccbsa\/files\/2014\/06\/Uma-Cidade-Sem-Passado-150x150.jpg\" alt=\"Uma Cidade Sem Passado\" width=\"150\" height=\"150\" \/><\/a>Na sexta-feira, 6 de junho, \u00e0s 18h30, ser\u00e1 encerrado o bloco de exibi\u00e7\u00f5es relacionadas \u00e0 tem\u00e1tica da mem\u00f3ria, com o filme \u201cUma Cidade sem Passado\u201d, longa-metragem que \u00e9 baseado em fatos reais e conta a hist\u00f3ria de Sonja (Lena Stolze), uma estudante de uma pequena cidade alem\u00e3 que ganha um pr\u00eamio e viaja para Paris. Em seus estudos a garota descobre a liga\u00e7\u00e3o de sua cidade com o III\u00b0 Reich, e vai percebendo que a maioria das fam\u00edlias importantes de sua regi\u00e3o tinha contato com o nazismo e que talvez tenham acontecido verdadeiras atrocidades na cidade. Inicia ent\u00e3o uma verdadeira luta para reconstruir o passado da cidade, em busca de arquivos e informa\u00e7\u00f5es que revelem o que ocorreu ali.<\/p>\n<p>Ap\u00f3s a exibi\u00e7\u00e3o haver\u00e1 o debate com a participa\u00e7\u00e3o dos professores Josemar Henrique de Melo, Nereida da Silva e media\u00e7\u00e3o de Daniele de Oliveira, todos vinculados ao bacharelado em Arquivologia da UEPB.<\/p>\n<p>De acordo com a professora Maria Jos\u00e9 Cordeiro, que coordena o projeto do \u201cCineclube Mnemos\u00fdne\u201d ao lado do professor Vancarder Sousa, essa \u00e9 a primeira vez que as atividades do projeto est\u00e3o sendo realizadas em um bloco tem\u00e1tico, uma estrutura que deve ser utilizada em outras sess\u00f5es tem\u00e1ticas. A docente acrescenta que al\u00e9m da comunidade acad\u00eamica as exibi\u00e7\u00f5es s\u00e3o voltadas ao p\u00fablico em geral, considerando que as tem\u00e1ticas abordadas s\u00e3o abrangentes e interessam n\u00e3o s\u00f3 aos estudantes e docentes de arquivologia.<\/p>\n<p>\u201cA tem\u00e1tica da mem\u00f3ria sempre permeou as atividades do Mnemos\u00fdne, uma vez que o pr\u00f3prio nome do projeto \u00e9 uma alus\u00e3o \u00e0 deusa da mem\u00f3ria. Assim sendo, resolvemos suscitar essa reflex\u00e3o, utilizando a linguagem f\u00edlmica, relacionada \u00e0 mem\u00f3ria, informa\u00e7\u00e3o e cultura. Esse di\u00e1logo ser\u00e1 intermediado pelos docentes do curso de Arquivologia, que trar\u00e3o suas turmas e far\u00e3o a articula\u00e7\u00e3o entre os conte\u00fados curriculares e as tem\u00e1ticas abordadas nos filmes\u201d, destacou a professora Maria Jos\u00e9.<\/p>\n<p><strong>Sobre o Mnemos\u00fdne<\/strong><\/p>\n<p>O cineclube Mnemos\u00fdne \u00e9 um projeto de extens\u00e3o vinculado ao Programa \u201cInforma\u00e7\u00e3o e Cogni\u00e7\u00e3o: socializando conte\u00fados informacionais articulados ao saber, \u00e0 cultura e \u00e0 mem\u00f3ria\u201d, do curso de Arquivologia da UEPB, sob a coordena\u00e7\u00e3o dos docentes Maria Jos\u00e9 Cordeiro Lima e Vancarder Brito.<\/p>\n<p>Criado em 2010, o nome do projeto \u201cMnemos\u00fdne\u201d foi escolhido em alus\u00e3o \u00e0 deusa hom\u00f4nima, advinda da mitologia grega, que representa a personifica\u00e7\u00e3o da mem\u00f3ria. O projeto tem a proposta de possibilitar a oportunidade de a comunidade acad\u00eamica apreciar produ\u00e7\u00f5es cinematogr\u00e1ficas e, atrav\u00e9s da linguagem f\u00edlmica, debater tem\u00e1ticas que versam sobre o universo da mem\u00f3ria social.<\/p>\n<p>Outras informa\u00e7\u00f5es: <a href=\"http:\/\/cineclubemnemosyne.blogspot.com.br\/%20\">http:\/\/cineclubemnemosyne.blogspot.com.br\/ <\/a><a href=\"https:\/\/twitter.com\/Mnemosne1\">https:\/\/twitter.com\/Mnemosne1<\/a><\/p>\n","protected":false},"excerpt":{"rendered":"<p>Mem\u00f3ria, esquecimento, informa\u00e7\u00e3o e arquivo, s\u00e3o tem\u00e1ticas que integram o bloco de exibi\u00e7\u00f5es da primeira semana de junho do Cineclube Mnemos\u00fdne, vinculado ao curso de Arquivologia da Universidade Estadual da Para\u00edba (UEPB). As sess\u00f5es s\u00e3o gratuitas, abertas ao p\u00fablico em geral e ocorrem at\u00e9 essa sexta-feira, 6 de junho, no audit\u00f3rio do Campus V da <a class=\"leiamais\" href=\"https:\/\/centros.uepb.edu.br\/ccbsa\/cineclube-de-arquivologia-divulga-programacao-de-junho-com-exibicoes-de-filmes-sobre-memoria\/\">Leia Mais&#8230;<\/a><\/p>\n","protected":false},"author":8,"featured_media":1928,"comment_status":"open","ping_status":"open","sticky":false,"template":"","format":"standard","meta":{"footnotes":""},"categories":[1],"tags":[],"class_list":["post-1915","post","type-post","status-publish","format-standard","has-post-thumbnail","hentry","category-sem-categoria"],"jetpack_featured_media_url":"https:\/\/centros.uepb.edu.br\/ccbsa\/files\/2014\/06\/000_0343.jpg","_links":{"self":[{"href":"https:\/\/centros.uepb.edu.br\/ccbsa\/wp-json\/wp\/v2\/posts\/1915","targetHints":{"allow":["GET"]}}],"collection":[{"href":"https:\/\/centros.uepb.edu.br\/ccbsa\/wp-json\/wp\/v2\/posts"}],"about":[{"href":"https:\/\/centros.uepb.edu.br\/ccbsa\/wp-json\/wp\/v2\/types\/post"}],"author":[{"embeddable":true,"href":"https:\/\/centros.uepb.edu.br\/ccbsa\/wp-json\/wp\/v2\/users\/8"}],"replies":[{"embeddable":true,"href":"https:\/\/centros.uepb.edu.br\/ccbsa\/wp-json\/wp\/v2\/comments?post=1915"}],"version-history":[{"count":0,"href":"https:\/\/centros.uepb.edu.br\/ccbsa\/wp-json\/wp\/v2\/posts\/1915\/revisions"}],"wp:featuredmedia":[{"embeddable":true,"href":"https:\/\/centros.uepb.edu.br\/ccbsa\/wp-json\/wp\/v2\/media\/1928"}],"wp:attachment":[{"href":"https:\/\/centros.uepb.edu.br\/ccbsa\/wp-json\/wp\/v2\/media?parent=1915"}],"wp:term":[{"taxonomy":"category","embeddable":true,"href":"https:\/\/centros.uepb.edu.br\/ccbsa\/wp-json\/wp\/v2\/categories?post=1915"},{"taxonomy":"post_tag","embeddable":true,"href":"https:\/\/centros.uepb.edu.br\/ccbsa\/wp-json\/wp\/v2\/tags?post=1915"}],"curies":[{"name":"wp","href":"https:\/\/api.w.org\/{rel}","templated":true}]}}