{"id":1900,"date":"2014-05-27T13:13:26","date_gmt":"2014-05-27T13:13:26","guid":{"rendered":"\/ccbsa\/?p=1900"},"modified":"2014-06-06T14:29:55","modified_gmt":"2014-06-06T14:29:55","slug":"grupo-de-estudos-do-ccbsa-inscreve-interessados-em-participar-de-curso-sobre-justica-restaurativa","status":"publish","type":"post","link":"https:\/\/centros.uepb.edu.br\/ccbsa\/grupo-de-estudos-do-ccbsa-inscreve-interessados-em-participar-de-curso-sobre-justica-restaurativa\/","title":{"rendered":"Grupo de estudos do CCBSA inscreve interessados em participar de curso sobre justi\u00e7a restaurativa"},"content":{"rendered":"<p>O grupo de estudos de Paz e Seguran\u00e7a Mundial, vinculado ao Centro de Ci\u00eancias Biol\u00f3gicas e Sociais Aplicadas da Universidade Estadual da Para\u00edba, realiza, durante toda essa sexta-feira (6) o curso \u201cIntrodu\u00e7\u00e3o \u00e0s Pr\u00e1ticas Restaurativas: Novo foco de compreens\u00e3o dos conflitos\u201d, ministrado pelo pesquisador da Universidade Federal de Pernambuco Marcelo Pelizzoli.<\/p>\n<p>O evento, que conta com o apoio dos projetos Universidade em A\u00e7\u00e3o, coordenado pelo professor do curso de Rela\u00e7\u00f5es Internacionais Paulo Kuhlmann e Cultura de Paz, coordenado pelo professor do curso de Ci\u00eancias Biol\u00f3gicas M\u00e1rcio Adriano, \u00e9 voltado, prioritariamente, \u00e0 comunidade acad\u00eamica de Jo\u00e3o Pessoa e profissionais da \u00e1rea de educa\u00e7\u00e3o.<\/p>\n<p>O curso aborda a compreens\u00e3o e conceitos fundamentais sobre rela\u00e7\u00f5es e conflitos; vis\u00e3o sist\u00eamica dos conflitos; bases do di\u00e1logo aut\u00eantico; c\u00edrculos e justi\u00e7a restaurativa. Na oportunidade tamb\u00e9m ser\u00e3o aplicadas din\u00e2micas psicossociais para rela\u00e7\u00f5es e conflitos.<\/p>\n<p>O ministrante do curso, professor Marcelo Pelizzoli, possui doutorado em Filosofia e p\u00f3s-doutorado em Bio\u00e9tica, integrando o quadro docente da Universidade Federal de Pernambuco, onde atua nas \u00e1reas de \u00c9tica pr\u00e1tica, Sa\u00fade Coletiva, Direitos Humanos, com \u00eanfase em estudos em sujeito, sa\u00fade mente-corpo, cultura de paz, hermen\u00eautica, alteridade &#8211; resolu\u00e7\u00e3o de conflitos, epistemologia ambiental e da sa\u00fade.<\/p>\n<p>Marcelo Pelizzoli integra, ainda, o grupo de estudos de Paz e Seguran\u00e7a Mundial, que \u00e9 coordenado pelo professor Paulo Kuhlmann e conta com onze pesquisadores da UEPB e outras institui\u00e7\u00f5es de ensino superior do pa\u00eds, e nove discentes de gradua\u00e7\u00e3o da UEPB.<\/p>\n<p>&nbsp;<\/p>\n","protected":false},"excerpt":{"rendered":"<p>O grupo de estudos de Paz e Seguran\u00e7a Mundial, vinculado ao Centro de Ci\u00eancias Biol\u00f3gicas e Sociais Aplicadas da Universidade Estadual da Para\u00edba, realiza, durante toda essa sexta-feira (6) o curso \u201cIntrodu\u00e7\u00e3o \u00e0s Pr\u00e1ticas Restaurativas: Novo foco de compreens\u00e3o dos conflitos\u201d, ministrado pelo pesquisador da Universidade Federal de Pernambuco Marcelo Pelizzoli. O evento, que conta <a class=\"leiamais\" href=\"https:\/\/centros.uepb.edu.br\/ccbsa\/grupo-de-estudos-do-ccbsa-inscreve-interessados-em-participar-de-curso-sobre-justica-restaurativa\/\">Leia Mais&#8230;<\/a><\/p>\n","protected":false},"author":8,"featured_media":0,"comment_status":"open","ping_status":"open","sticky":false,"template":"","format":"standard","meta":{"footnotes":""},"categories":[3,5],"tags":[],"class_list":["post-1900","post","type-post","status-publish","format-standard","hentry","category-noticias","category-visiveis"],"jetpack_featured_media_url":"","_links":{"self":[{"href":"https:\/\/centros.uepb.edu.br\/ccbsa\/wp-json\/wp\/v2\/posts\/1900","targetHints":{"allow":["GET"]}}],"collection":[{"href":"https:\/\/centros.uepb.edu.br\/ccbsa\/wp-json\/wp\/v2\/posts"}],"about":[{"href":"https:\/\/centros.uepb.edu.br\/ccbsa\/wp-json\/wp\/v2\/types\/post"}],"author":[{"embeddable":true,"href":"https:\/\/centros.uepb.edu.br\/ccbsa\/wp-json\/wp\/v2\/users\/8"}],"replies":[{"embeddable":true,"href":"https:\/\/centros.uepb.edu.br\/ccbsa\/wp-json\/wp\/v2\/comments?post=1900"}],"version-history":[{"count":0,"href":"https:\/\/centros.uepb.edu.br\/ccbsa\/wp-json\/wp\/v2\/posts\/1900\/revisions"}],"wp:attachment":[{"href":"https:\/\/centros.uepb.edu.br\/ccbsa\/wp-json\/wp\/v2\/media?parent=1900"}],"wp:term":[{"taxonomy":"category","embeddable":true,"href":"https:\/\/centros.uepb.edu.br\/ccbsa\/wp-json\/wp\/v2\/categories?post=1900"},{"taxonomy":"post_tag","embeddable":true,"href":"https:\/\/centros.uepb.edu.br\/ccbsa\/wp-json\/wp\/v2\/tags?post=1900"}],"curies":[{"name":"wp","href":"https:\/\/api.w.org\/{rel}","templated":true}]}}