{"id":1895,"date":"2014-05-27T12:39:14","date_gmt":"2014-05-27T12:39:14","guid":{"rendered":"\/ccbsa\/?p=1895"},"modified":"2014-05-27T12:39:14","modified_gmt":"2014-05-27T12:39:14","slug":"estudantes-e-docentes-da-uepb-participam-de-forum-academico-dos-brics-realizado-no-rio-de-janeiro","status":"publish","type":"post","link":"https:\/\/centros.uepb.edu.br\/ccbsa\/estudantes-e-docentes-da-uepb-participam-de-forum-academico-dos-brics-realizado-no-rio-de-janeiro\/","title":{"rendered":"Estudantes e docentes da UEPB participam de F\u00f3rum Acad\u00eamico dos BRICS realizado no Rio de Janeiro"},"content":{"rendered":"<p><a href=\"http:\/\/centros.ascom.uepb.edu.br\/ccbsa\/files\/2014\/05\/Z\u00e9-Carlos-3ed.jpg\"><img loading=\"lazy\" decoding=\"async\" class=\"alignleft size-thumbnail wp-image-1896 img-responsive\" src=\"http:\/\/centros.ascom.uepb.edu.br\/ccbsa\/files\/2014\/05\/Z\u00e9-Carlos-3ed-150x150.jpg\" alt=\"SONY DSC\" width=\"150\" height=\"150\" \/><\/a>Um grupo de discentes e docentes do curso de Rela\u00e7\u00f5es Internacionais da Universidade Estadual da Para\u00edba, esteve presente no F\u00f3rum Acad\u00eamico dos BRICS, realizado de 20 a 23 de maio, no Rio de Janeiro, reunindo autoridades pol\u00edticas, acad\u00eamicos e especialistas dos pa\u00edses do Brasil, R\u00fassia, \u00cdndia, China e \u00c1frica do Sul, com o objetivo de debater temas contempor\u00e2neos da economia pol\u00edtica, da geopol\u00edtica, do meio ambiente e da \u00e9tica na Ci\u00eancia.<\/p>\n<p>O encontro foi uma pr\u00e9via da reuni\u00e3o de c\u00fapula desses pa\u00edses, que este ano acontecer\u00e1 no Brasil, na cidade de Fortaleza (CE), em junho. Na oportunidade foram elaboradas propostas a serem encaminhadas \u00e0 reuni\u00e3o de c\u00fapula relacionadas a temas como a produtividade dos BRICS, novas classes m\u00e9dias nos pa\u00edses emergentes, desafios nas \u00e1reas de ci\u00eancia, tecnologia e inform\u00e1tica, pol\u00edticas de inova\u00e7\u00e3o e os problemas das megacidades.<\/p>\n<p>Dividido em dez sess\u00f5es, o F\u00f3rum Acad\u00eamico abordou tamb\u00e9m o desenvolvimento sustent\u00e1vel inclusivo, com foco na Agenda de Desenvolvimento p\u00f3s-2015 da Organiza\u00e7\u00e3o das Na\u00e7\u00f5es Unidas (ONU), na coopera\u00e7\u00e3o para o desenvolvimento internacional dos BRICS e nos fluxos comerciais e de investimentos entre esses pa\u00edses.<\/p>\n<p>O coordenador do bacharelado em Rela\u00e7\u00f5es Internacionais, professor Jos\u00e9 Carlos de Assis, atuou como mediador da discuss\u00e3o: \u201cColapso do paradigma neoliberal em economia e as perspectivas econ\u00f4micas dos BRICS no contexto mundial\u201d, que contou com a participa\u00e7\u00e3o dos pesquisadores Vladimir Davydov, da R\u00fassia, Santosh Mehrotra, da \u00cdndia, Zhang Yan, da China, Rasigan Maharajah, da \u00c1frica do Sul e Luiz Gonzaga Beluzzo, do Brasil.<\/p>\n<p>O estudante do 3\u00ba per\u00edodo de Rela\u00e7\u00f5es Internacionais Arllyn Mello, que acompanhou os debates junto a um grupo de discentes e docentes da UEPB, destacou a import\u00e2ncia da participa\u00e7\u00e3o em eventos com essa abrang\u00eancia para a forma\u00e7\u00e3o acad\u00eamica e amplia\u00e7\u00e3o das perspectivas profissionais.<\/p>\n","protected":false},"excerpt":{"rendered":"<p>Um grupo de discentes e docentes do curso de Rela\u00e7\u00f5es Internacionais da Universidade Estadual da Para\u00edba, esteve presente no F\u00f3rum Acad\u00eamico dos BRICS, realizado de 20 a 23 de maio, no Rio de Janeiro, reunindo autoridades pol\u00edticas, acad\u00eamicos e especialistas dos pa\u00edses do Brasil, R\u00fassia, \u00cdndia, China e \u00c1frica do Sul, com o objetivo de <a class=\"leiamais\" href=\"https:\/\/centros.uepb.edu.br\/ccbsa\/estudantes-e-docentes-da-uepb-participam-de-forum-academico-dos-brics-realizado-no-rio-de-janeiro\/\">Leia Mais&#8230;<\/a><\/p>\n","protected":false},"author":8,"featured_media":1896,"comment_status":"open","ping_status":"open","sticky":false,"template":"","format":"standard","meta":{"footnotes":""},"categories":[6],"tags":[],"class_list":["post-1895","post","type-post","status-publish","format-standard","has-post-thumbnail","hentry","category-slide"],"jetpack_featured_media_url":"https:\/\/centros.uepb.edu.br\/ccbsa\/files\/2014\/05\/Z\u00e9-Carlos-3ed.jpg","_links":{"self":[{"href":"https:\/\/centros.uepb.edu.br\/ccbsa\/wp-json\/wp\/v2\/posts\/1895","targetHints":{"allow":["GET"]}}],"collection":[{"href":"https:\/\/centros.uepb.edu.br\/ccbsa\/wp-json\/wp\/v2\/posts"}],"about":[{"href":"https:\/\/centros.uepb.edu.br\/ccbsa\/wp-json\/wp\/v2\/types\/post"}],"author":[{"embeddable":true,"href":"https:\/\/centros.uepb.edu.br\/ccbsa\/wp-json\/wp\/v2\/users\/8"}],"replies":[{"embeddable":true,"href":"https:\/\/centros.uepb.edu.br\/ccbsa\/wp-json\/wp\/v2\/comments?post=1895"}],"version-history":[{"count":0,"href":"https:\/\/centros.uepb.edu.br\/ccbsa\/wp-json\/wp\/v2\/posts\/1895\/revisions"}],"wp:featuredmedia":[{"embeddable":true,"href":"https:\/\/centros.uepb.edu.br\/ccbsa\/wp-json\/wp\/v2\/media\/1896"}],"wp:attachment":[{"href":"https:\/\/centros.uepb.edu.br\/ccbsa\/wp-json\/wp\/v2\/media?parent=1895"}],"wp:term":[{"taxonomy":"category","embeddable":true,"href":"https:\/\/centros.uepb.edu.br\/ccbsa\/wp-json\/wp\/v2\/categories?post=1895"},{"taxonomy":"post_tag","embeddable":true,"href":"https:\/\/centros.uepb.edu.br\/ccbsa\/wp-json\/wp\/v2\/tags?post=1895"}],"curies":[{"name":"wp","href":"https:\/\/api.w.org\/{rel}","templated":true}]}}