{"id":1887,"date":"2014-05-26T13:00:25","date_gmt":"2014-05-26T13:00:25","guid":{"rendered":"\/ccbsa\/?p=1887"},"modified":"2014-05-26T13:02:09","modified_gmt":"2014-05-26T13:02:09","slug":"campus-de-joao-pessoa-sedia-oficina-sobre-os-fundamentos-basicos-de-utilizacao-do-prezi","status":"publish","type":"post","link":"https:\/\/centros.uepb.edu.br\/ccbsa\/campus-de-joao-pessoa-sedia-oficina-sobre-os-fundamentos-basicos-de-utilizacao-do-prezi\/","title":{"rendered":"Campus V sedia oficina sobre os  fundamentos b\u00e1sicos de utiliza\u00e7\u00e3o do Prezi"},"content":{"rendered":"<p><a href=\"http:\/\/centros.ascom.uepb.edu.br\/ccbsa\/files\/2014\/05\/IMG-20140523-WA0013.jpg\"><img loading=\"lazy\" decoding=\"async\" class=\"alignleft size-thumbnail wp-image-1888 img-responsive\" src=\"http:\/\/centros.ascom.uepb.edu.br\/ccbsa\/files\/2014\/05\/IMG-20140523-WA0013-150x150.jpg\" alt=\"IMG-20140523-WA0013\" width=\"150\" height=\"150\" \/><\/a>Buscando apresentar aos discentes do Centro de Ci\u00eancias Biol\u00f3gicas e Sociais Aplicadas da Universidade Estadual da Para\u00edba as ferramentas b\u00e1sicas para utiliza\u00e7\u00e3o de um software de apresenta\u00e7\u00e3o cada dia mais utilizado nos ambientes profissional e acad\u00eamico, foi realizada, na manh\u00e3 da sexta-feira (23), a oficina \u201cPrezi como ferramenta Web 2.0: apresenta\u00e7\u00e3o de imagens e gerenciamento da informa\u00e7\u00e3o\u201d.<\/p>\n<p>Promovida pelo projeto de extens\u00e3o \u201cFotografia e mem\u00f3ria cultural\u201d, que \u00e9 vinculado ao programa \u201cInforma\u00e7\u00e3o e cogni\u00e7\u00e3o: socializando conte\u00fados <a href=\"http:\/\/centros.ascom.uepb.edu.br\/ccbsa\/files\/2014\/05\/IMG-20140523-WA0010.jpg\"><img loading=\"lazy\" decoding=\"async\" class=\"alignright size-thumbnail wp-image-1889 img-responsive\" src=\"http:\/\/centros.ascom.uepb.edu.br\/ccbsa\/files\/2014\/05\/IMG-20140523-WA0010-150x150.jpg\" alt=\"IMG-20140523-WA0010\" width=\"150\" height=\"150\" \/><\/a>informacionais articulados ao saber, \u00e0 cultura e \u00e0 mem\u00f3ria\u201d e \u201cA comunica\u00e7\u00e3o como instrumento de consolida\u00e7\u00e3o institucional: um programa de assessoria de imprensa aplicado ao Campus V\u201d, a oficina foi ministrada pelo egresso do curso de Arquivologia da UEPB Natan Dias do Nascimento.<\/p>\n<p><a href=\"http:\/\/centros.ascom.uepb.edu.br\/ccbsa\/files\/2014\/05\/IMG-20140523-WA0008.jpg\"><img loading=\"lazy\" decoding=\"async\" class=\"alignleft size-thumbnail wp-image-1890 img-responsive\" src=\"http:\/\/centros.ascom.uepb.edu.br\/ccbsa\/files\/2014\/05\/IMG-20140523-WA0008-150x150.jpg\" alt=\"IMG-20140523-WA0008\" width=\"150\" height=\"150\" \/><\/a>A abertura da oficina contou com a participa\u00e7\u00e3o do professor do curso de Arquivologia que atua na \u00e1rea de Tecnologia da Informa\u00e7\u00e3o, Danilo Ferreira, que apresentou um hist\u00f3rico sobre a evolu\u00e7\u00e3o dos softwares de apresenta\u00e7\u00e3o, as tend\u00eancias e possibilidades dispon\u00edveis para cria\u00e7\u00e3o de materiais de divulga\u00e7\u00e3o, al\u00e9m de enumerar os pontos positivos do Prezi.<\/p>\n<p>Durante a oficina os estudantes receberam orienta\u00e7\u00f5es sobre a cria\u00e7\u00e3o do cadastro no Prezi; os menus dispon\u00edveis; como inserir molduras, setas, imagens e v\u00eddeos; edi\u00e7\u00e3o de trilhas; aproveitamento de slides do Power <a href=\"http:\/\/centros.ascom.uepb.edu.br\/ccbsa\/files\/2014\/05\/IMG-20140523-WA0006.jpg\"><img loading=\"lazy\" decoding=\"async\" class=\"alignright size-thumbnail wp-image-1891 img-responsive\" src=\"http:\/\/centros.ascom.uepb.edu.br\/ccbsa\/files\/2014\/05\/IMG-20140523-WA0006-150x150.jpg\" alt=\"IMG-20140523-WA0006\" width=\"150\" height=\"150\" \/><\/a>Point; compartilhamento e publica\u00e7\u00e3o de apresenta\u00e7\u00f5es, e, a partir dos fundamentos b\u00e1sicos apresentados, os participantes puderam ter contato com o software criando suas apresenta\u00e7\u00f5es em tempo real e sanando as d\u00favidas que surgiam.<\/p>\n<p>Para os discentes que participaram da oficina, essa foi uma oportunidade de conhecer ou aprimorar as apresenta\u00e7\u00f5es a serem utilizadas nas atividades acad\u00eamicas e futuras produ\u00e7\u00f5es profissionais, implementando um maior dinamismo e atraindo a aten\u00e7\u00e3o do p\u00fablico para o conte\u00fado apresentado.<\/p>\n<p>Esse \u00e9 o caso da estudante do 4\u00ba per\u00edodo de Arquivologia, Marcela Maria da Silva, que afirma n\u00e3o aproveitar as possibilidades do Prezi por falta de conhecimento e a partir desta iniciativa pretende conhecer melhor esse software para utiliz\u00e1-lo nas pr\u00f3ximas oportunidades que tiver. \u201cConhecia o Prezi mas, n\u00e3o utilizava porque achava que era muito dif\u00edcil de manusear. E essa oficina foi maravilhosa porque trouxe uma luz para quem n\u00e3o usa essas ferramentas e nos mostrou que \u00e9 simples para criarmos nossas apresenta\u00e7\u00f5es, basta praticarmos\u201d, avaliou a discente.<\/p>\n<p><strong>Sobre o Prezi<\/strong><\/p>\n<p>O Prezi \u00e9 um software para a cria\u00e7\u00e3o de apresenta\u00e7\u00f5es n\u00e3o lineares que, diferentemente do PowerPoint, n\u00e3o utiliza estrutura de slides para a constru\u00e7\u00e3o de uma apresenta\u00e7\u00e3o. Todo o trabalho \u00e9 constru\u00eddo em uma \u00fanica tela, com din\u00e2mica baseada no zoom, que confere profundidade \u00e0s apresenta\u00e7\u00f5es.<\/p>\n<p>Por meio do software \u00e9 poss\u00edvel inserir imagens, v\u00eddeos, elementos gr\u00e1ficos, diretamente da Internet, e realizar as apresenta\u00e7\u00f5es de forma online ou off-line.<\/p>\n","protected":false},"excerpt":{"rendered":"<p>Buscando apresentar aos discentes do Centro de Ci\u00eancias Biol\u00f3gicas e Sociais Aplicadas da Universidade Estadual da Para\u00edba as ferramentas b\u00e1sicas para utiliza\u00e7\u00e3o de um software de apresenta\u00e7\u00e3o cada dia mais utilizado nos ambientes profissional e acad\u00eamico, foi realizada, na manh\u00e3 da sexta-feira (23), a oficina \u201cPrezi como ferramenta Web 2.0: apresenta\u00e7\u00e3o de imagens e gerenciamento <a class=\"leiamais\" href=\"https:\/\/centros.uepb.edu.br\/ccbsa\/campus-de-joao-pessoa-sedia-oficina-sobre-os-fundamentos-basicos-de-utilizacao-do-prezi\/\">Leia Mais&#8230;<\/a><\/p>\n","protected":false},"author":8,"featured_media":1888,"comment_status":"open","ping_status":"open","sticky":false,"template":"","format":"standard","meta":{"footnotes":""},"categories":[6],"tags":[],"class_list":["post-1887","post","type-post","status-publish","format-standard","has-post-thumbnail","hentry","category-slide"],"jetpack_featured_media_url":"https:\/\/centros.uepb.edu.br\/ccbsa\/files\/2014\/05\/IMG-20140523-WA0013.jpg","_links":{"self":[{"href":"https:\/\/centros.uepb.edu.br\/ccbsa\/wp-json\/wp\/v2\/posts\/1887","targetHints":{"allow":["GET"]}}],"collection":[{"href":"https:\/\/centros.uepb.edu.br\/ccbsa\/wp-json\/wp\/v2\/posts"}],"about":[{"href":"https:\/\/centros.uepb.edu.br\/ccbsa\/wp-json\/wp\/v2\/types\/post"}],"author":[{"embeddable":true,"href":"https:\/\/centros.uepb.edu.br\/ccbsa\/wp-json\/wp\/v2\/users\/8"}],"replies":[{"embeddable":true,"href":"https:\/\/centros.uepb.edu.br\/ccbsa\/wp-json\/wp\/v2\/comments?post=1887"}],"version-history":[{"count":0,"href":"https:\/\/centros.uepb.edu.br\/ccbsa\/wp-json\/wp\/v2\/posts\/1887\/revisions"}],"wp:featuredmedia":[{"embeddable":true,"href":"https:\/\/centros.uepb.edu.br\/ccbsa\/wp-json\/wp\/v2\/media\/1888"}],"wp:attachment":[{"href":"https:\/\/centros.uepb.edu.br\/ccbsa\/wp-json\/wp\/v2\/media?parent=1887"}],"wp:term":[{"taxonomy":"category","embeddable":true,"href":"https:\/\/centros.uepb.edu.br\/ccbsa\/wp-json\/wp\/v2\/categories?post=1887"},{"taxonomy":"post_tag","embeddable":true,"href":"https:\/\/centros.uepb.edu.br\/ccbsa\/wp-json\/wp\/v2\/tags?post=1887"}],"curies":[{"name":"wp","href":"https:\/\/api.w.org\/{rel}","templated":true}]}}