{"id":1881,"date":"2014-05-22T11:05:24","date_gmt":"2014-05-22T11:05:24","guid":{"rendered":"\/ccbsa\/?p=1881"},"modified":"2014-06-03T20:07:37","modified_gmt":"2014-06-03T20:07:37","slug":"consuni-oficializa-a-criacao-do-nucleo-de-estudo-e-pesquisa-sobre-deslocamentos-ambientais-do-campus-v","status":"publish","type":"post","link":"https:\/\/centros.uepb.edu.br\/ccbsa\/consuni-oficializa-a-criacao-do-nucleo-de-estudo-e-pesquisa-sobre-deslocamentos-ambientais-do-campus-v\/","title":{"rendered":"Consuni oficializa a cria\u00e7\u00e3o do N\u00facleo de Estudo e Pesquisa sobre Deslocamentos Ambientais do CCBSA"},"content":{"rendered":"<p>O Conselho Universit\u00e1rio (Consuni) da Universidade Estadual da Para\u00edba (UEPB) aprovou, por unanimidade, em reuni\u00e3o ordin\u00e1ria a cria\u00e7\u00e3o do N\u00facleo de Estudo e Pesquisa sobre Deslocamentos Ambientais (Nepda).<\/p>\n<p>O N\u00facleo foi criado em abril de 2012, e, desde ent\u00e3o, desenvolve as atividades no Campus V da UEPB, com a participa\u00e7\u00e3o de docentes dos cursos de gradua\u00e7\u00e3o e p\u00f3s-gradua\u00e7\u00e3o em Rela\u00e7\u00f5es Internacionais da UEPB e pesquisadores de institui\u00e7\u00f5es nacionais e internacionais, voltados ao estudo sobre deslocados ambientais e tem\u00e1ticas relacionadas.<\/p>\n<p>Com a decis\u00e3o o \u00f3rg\u00e3o busca captar recursos atrav\u00e9s de conv\u00eanios com o governo federal para a realiza\u00e7\u00e3o de pesquisas, envolvendo migra\u00e7\u00f5es e deslocamentos associados ao meio ambiente, inclu\u00eddos os seus reflexos no direito, na pol\u00edtica e nas comunidades de migrantes e deslocados ambientais.<\/p>\n<p>De acordo com a coordenadora do Nepda, professora Andrea Pac\u00edfico, a cria\u00e7\u00e3o oficial do n\u00facleo permitir\u00e1 a oficializa\u00e7\u00e3o de parcerias j\u00e1 existentes com institui\u00e7\u00f5es como a Universidade de Oxford, na Inglaterra, e de York, no Canad\u00e1, que contribuem com as atividades do Nepda por meio do compartilhamento de dados de pesquisas, interc\u00e2mbio de saberes e doa\u00e7\u00f5es de livros. Al\u00e9m disso, o \u00f3rg\u00e3o poder\u00e1 submeter-se a editais nacionais de financiamento \u00e0s pesquisas, o que promover\u00e1 uma proje\u00e7\u00e3o das atividades do n\u00facleo.<\/p>\n<p>Consolidado no cen\u00e1rio das Rela\u00e7\u00f5es Internacionais, o Nepda atua nas linhas de pesquisa \u201cMigrantes for\u00e7ados e refugiados\u201d, \u201cDegrada\u00e7\u00e3o ambiental e mudan\u00e7a clim\u00e1tica\u201d, \u201cRegimes internacionais e prote\u00e7\u00e3o aos direitos humanos\u201d e \u201cTeorias de seguran\u00e7a aplicadas \u00e0 migra\u00e7\u00e3o\u201d. Al\u00e9m das pesquisas o n\u00facleo promove, com frequ\u00eancia, eventos e debates articulados \u00e0s discuss\u00f5es nacionais na \u00e1rea de atua\u00e7\u00e3o do Nepda.<\/p>\n<p>Ap\u00f3s a realiza\u00e7\u00e3o de uma pr\u00e9-confer\u00eancia para a constru\u00e7\u00e3o de propostas a serem encaminhadas, o Nepda contar\u00e1 com representa\u00e7\u00e3o durante a audi\u00eancia p\u00fablica para discutir o Plano Nacional de Migra\u00e7\u00e3o e Ref\u00fagio, que ocorrer\u00e1 de 30 de maio a 1\u00ba de junho em S\u00e3o Paulo.<\/p>\n<p>O Nepda tamb\u00e9m dever\u00e1 participar, em dezembro deste ano, em Bras\u00edlia, da Confer\u00eancia Caratagena + 30, evento promovido pelo Alto Comissariado das Na\u00e7\u00f5es Unidas para Refugiados no Brasil, que se prop\u00f5e a realizar um processo consultivo nos pa\u00edses da Am\u00e9rica Latina e Caribe para analisar os desafios contempor\u00e2neos na regi\u00e3o para refugiados, deslocados internos e ap\u00e1tridas.<\/p>\n<p>Al\u00e9m disso, o n\u00facleo prossegue com pesquisas sobre Haitianos no Brasil e deslocados ambientais do sert\u00e3o do nordeste brasileiro, atividades que envolvem os pesquisadores do Nepda, al\u00e9m de discentes da gradua\u00e7\u00e3o e p\u00f3s-gradua\u00e7\u00e3o em Rela\u00e7\u00f5es Internacionais da UEPB.<\/p>\n","protected":false},"excerpt":{"rendered":"<p>O Conselho Universit\u00e1rio (Consuni) da Universidade Estadual da Para\u00edba (UEPB) aprovou, por unanimidade, em reuni\u00e3o ordin\u00e1ria a cria\u00e7\u00e3o do N\u00facleo de Estudo e Pesquisa sobre Deslocamentos Ambientais (Nepda). O N\u00facleo foi criado em abril de 2012, e, desde ent\u00e3o, desenvolve as atividades no Campus V da UEPB, com a participa\u00e7\u00e3o de docentes dos cursos de <a class=\"leiamais\" href=\"https:\/\/centros.uepb.edu.br\/ccbsa\/consuni-oficializa-a-criacao-do-nucleo-de-estudo-e-pesquisa-sobre-deslocamentos-ambientais-do-campus-v\/\">Leia Mais&#8230;<\/a><\/p>\n","protected":false},"author":8,"featured_media":1497,"comment_status":"open","ping_status":"open","sticky":false,"template":"","format":"standard","meta":{"footnotes":""},"categories":[6],"tags":[],"class_list":["post-1881","post","type-post","status-publish","format-standard","has-post-thumbnail","hentry","category-slide"],"jetpack_featured_media_url":"https:\/\/centros.uepb.edu.br\/ccbsa\/files\/2014\/02\/NEPDA1.png","_links":{"self":[{"href":"https:\/\/centros.uepb.edu.br\/ccbsa\/wp-json\/wp\/v2\/posts\/1881","targetHints":{"allow":["GET"]}}],"collection":[{"href":"https:\/\/centros.uepb.edu.br\/ccbsa\/wp-json\/wp\/v2\/posts"}],"about":[{"href":"https:\/\/centros.uepb.edu.br\/ccbsa\/wp-json\/wp\/v2\/types\/post"}],"author":[{"embeddable":true,"href":"https:\/\/centros.uepb.edu.br\/ccbsa\/wp-json\/wp\/v2\/users\/8"}],"replies":[{"embeddable":true,"href":"https:\/\/centros.uepb.edu.br\/ccbsa\/wp-json\/wp\/v2\/comments?post=1881"}],"version-history":[{"count":0,"href":"https:\/\/centros.uepb.edu.br\/ccbsa\/wp-json\/wp\/v2\/posts\/1881\/revisions"}],"wp:featuredmedia":[{"embeddable":true,"href":"https:\/\/centros.uepb.edu.br\/ccbsa\/wp-json\/wp\/v2\/media\/1497"}],"wp:attachment":[{"href":"https:\/\/centros.uepb.edu.br\/ccbsa\/wp-json\/wp\/v2\/media?parent=1881"}],"wp:term":[{"taxonomy":"category","embeddable":true,"href":"https:\/\/centros.uepb.edu.br\/ccbsa\/wp-json\/wp\/v2\/categories?post=1881"},{"taxonomy":"post_tag","embeddable":true,"href":"https:\/\/centros.uepb.edu.br\/ccbsa\/wp-json\/wp\/v2\/tags?post=1881"}],"curies":[{"name":"wp","href":"https:\/\/api.w.org\/{rel}","templated":true}]}}