{"id":1875,"date":"2014-05-22T10:30:11","date_gmt":"2014-05-22T10:30:11","guid":{"rendered":"\/ccbsa\/?p=1875"},"modified":"2014-05-22T11:19:20","modified_gmt":"2014-05-22T11:19:20","slug":"campus-da-uepb-em-joao-pessoa-realiza-coloquio-sobre-direitos-da-mulher-e-lgbt","status":"publish","type":"post","link":"https:\/\/centros.uepb.edu.br\/ccbsa\/campus-da-uepb-em-joao-pessoa-realiza-coloquio-sobre-direitos-da-mulher-e-lgbt\/","title":{"rendered":"Debates, exposi\u00e7\u00f5es e exibi\u00e7\u00e3o de filmes marcam o col\u00f3quio sobre direitos da mulher e LGBT"},"content":{"rendered":"<p><a href=\"http:\/\/centros.ascom.uepb.edu.br\/ccbsa\/files\/2014\/05\/SAM_7183.jpg\"><img loading=\"lazy\" decoding=\"async\" class=\"alignleft size-thumbnail wp-image-1876 img-responsive\" src=\"http:\/\/centros.ascom.uepb.edu.br\/ccbsa\/files\/2014\/05\/SAM_7183-150x150.jpg\" alt=\"SAM_7183\" width=\"150\" height=\"150\" \/><\/a>Rodas de debates, exposi\u00e7\u00e3o de pain\u00e9is e exibi\u00e7\u00e3o de filmes marcam o \u201c1\u00ba Col\u00f3quio sobre direitos da mulher e LGBT\u201d, evento realizado nesta quarta-feira (21), no Campus V da Universidade Estadual da Para\u00edba, com a participa\u00e7\u00e3o de estudantes e docentes do Centro de Ci\u00eancias Biol\u00f3gicas e Sociais Aplicadas, al\u00e9m de integrantes de movimentos de L\u00e9sbicas, Gays, Bissexuais, Travestis e Transexuais (LGBT) e de lutas de g\u00eanero, e membros do governo municipal e estadual.<\/p>\n<p>A mesa de abertura do evento contou com a presen\u00e7a do diretor do CCBSA, professor Francisco Jaime, a coordenadora do curso de Arquivologia, professora Maria Jos\u00e9 Cordeiro de Lima, o coordenador de bacharelado em Ci\u00eancias Biol\u00f3gicas, professor \u00canio Wocily, a diretora da Escola de Ensino M\u00e9dio Jos\u00e9 Lins do R\u00eago, professora Luciana Veloso, a integrante da equipe pedag\u00f3gica da Escola de Ensino M\u00e9dio Jos\u00e9 Lins do R\u00eago, Ana G\u00f3is, o representante do Centro Acad\u00eamico de Rela\u00e7\u00f5es Internacionais <a href=\"http:\/\/centros.ascom.uepb.edu.br\/ccbsa\/files\/2014\/05\/SAM_7163.jpg\"><img loading=\"lazy\" decoding=\"async\" class=\"alignright size-thumbnail wp-image-1877 img-responsive\" src=\"http:\/\/centros.ascom.uepb.edu.br\/ccbsa\/files\/2014\/05\/SAM_7163-150x150.jpg\" alt=\"SAM_7163\" width=\"150\" height=\"150\" \/><\/a>Jordy Lamarke e a integrante do Centro Acad\u00eamico de Arquivologia, Adriana Soares.<\/p>\n<p>O professor Francisco Jaime destacou a import\u00e2ncia e lembrou das atividades j\u00e1 realizadas no CCBSA sobre tem\u00e1tica discutida e parabenizou os integrantes do Centro Acad\u00eamico de Arquivologia pela iniciativa. O professor \u00canio Wocily ressaltou a necessidade do desenvolvimento de pr\u00e1ticas de valoriza\u00e7\u00e3o e respeito \u00e0s mulheres e ao p\u00fablico LGBT diante de uma cultura machista e preconceituosa que predomina na sociedade brasileira.<\/p>\n<p>Na oportunidade a professora Maria Jos\u00e9 lembrou os dois anos de falecimento da professora Briggida Rosely, assassinada pelo ex-marido em junho de 2012. A professora Luciana Veloso tamb\u00e9m rememorou outro caso de viol\u00eancia contra a mulher que culminou com a morte da estudante do 3\u00ba ano do ensino m\u00e9dio da Escola Jos\u00e9 Lins do R\u00eago, Amanda Kelly.<\/p>\n<p>Para os estudantes Adriana Soares e Jordy Lamarke a universidade \u00e9 o espa\u00e7o adequado para suscitar discuss\u00f5es sobre essa tem\u00e1tica cada vez mais presente no dia a dia dos jovens universit\u00e1rios. A mesma opini\u00e3o \u00e9 compartilhada pela professora Ana G\u00f3is ao afirmar que \u201c\u00e9 a escola que deve reconhecer os problemas vividos pela sociedade, como a viol\u00eancia contra a mulher e a homofobia, instalados no cotidiano do povo brasileiro, e trazer para si a discuss\u00e3o, formando sujeitos que reconhe\u00e7am que as <a href=\"http:\/\/centros.ascom.uepb.edu.br\/ccbsa\/files\/2014\/05\/SAM_7189.jpg\"><img loading=\"lazy\" decoding=\"async\" class=\"alignleft size-thumbnail wp-image-1878 img-responsive\" src=\"http:\/\/centros.ascom.uepb.edu.br\/ccbsa\/files\/2014\/05\/SAM_7189-150x150.jpg\" alt=\"SAM_7189\" width=\"150\" height=\"150\" \/><\/a>diferen\u00e7as s\u00e3o naturais, mas as desigualdades n\u00e3o\u201d.<\/p>\n<p>No per\u00edodo da manh\u00e3 foi realizada a rodada de di\u00e1logo sobre a cidadania da mulher e movimento feminista, com a participa\u00e7\u00e3o das representantes da Secretaria de Estado da Mulher e da Diversidade Humana, Leandra Cardoso, da Secretaria de Pol\u00edticas P\u00fablicas para Mulheres de Jo\u00e3o Pessoa, Socorro Borges e a docente do curso de Arquivologia, Francinete Fernandes. Atividade foi mediada pela estudante Adriana Soares.<\/p>\n<p>\u00c0 tarde a programa\u00e7\u00e3o prossegue com a exibi\u00e7\u00e3o dos filmes \u201cAmanda e Monick\u201d, produzido com o apoio da UEPB pelo egresso do curso de Jornalismo da institui\u00e7\u00e3o, Andr\u00e9 da Costa Pinto, e \u201cEu n\u00e3o quero voltar sozinho\u201d, curta metragem nacional que aborda a tem\u00e1tica LGBT.<\/p>\n<p>No per\u00edodo da noite foi realizada a roda de debate sobre o movimento <a href=\"http:\/\/centros.ascom.uepb.edu.br\/ccbsa\/files\/2014\/05\/10371636_695166147212373_8227287219269272131_n.jpg\"><img loading=\"lazy\" decoding=\"async\" class=\"alignright size-thumbnail wp-image-1879 img-responsive\" src=\"http:\/\/centros.ascom.uepb.edu.br\/ccbsa\/files\/2014\/05\/10371636_695166147212373_8227287219269272131_n-150x150.jpg\" alt=\"10371636_695166147212373_8227287219269272131_n\" width=\"150\" height=\"150\" \/><\/a>LGBT e quest\u00f5es de cidadania, com a participa\u00e7\u00e3o do professor Vancarder Brito, a representante da Secretaria da Mulher e Diversidade Humana, Luciel Ara\u00fajo, a coordenadora da Coordenadoria Municipal de Promo\u00e7\u00e3o \u00e0 Cidadania LGBT e Igualdade Racial, Maria do Socorro Pimentel,a representante da Associa\u00e7\u00e3o de Travestis da Para\u00edba \u2013 ASTRAPA \u2013 Mariah Carvalho, a integrante do Grupo de Mulheres L\u00e9sbicas e Bissexuais Maria Quit\u00e9ria, \u00c9rika Benemond e o membro do Movimento do Esp\u00edrito Lil\u00e1s, Joebson Rodrigues Silva. O estudante Cleber Ferreira Silva foi o mediador do debate. O Col\u00f3quio foi encerrado com a apresenta\u00e7\u00e3o de Gay Dy.<\/p>\n<p>O evento foi promovido pelo Centro Acad\u00eamico de Arquivologia, com o apoio da dire\u00e7\u00e3o do CCBSA, Movimento do Esp\u00edrito Lil\u00e1s, Coletivo Marcha das Vadias e Centro das Mulheres 8 de mar\u00e7o.<\/p>\n","protected":false},"excerpt":{"rendered":"<p>Rodas de debates, exposi\u00e7\u00e3o de pain\u00e9is e exibi\u00e7\u00e3o de filmes marcam o \u201c1\u00ba Col\u00f3quio sobre direitos da mulher e LGBT\u201d, evento realizado nesta quarta-feira (21), no Campus V da Universidade Estadual da Para\u00edba, com a participa\u00e7\u00e3o de estudantes e docentes do Centro de Ci\u00eancias Biol\u00f3gicas e Sociais Aplicadas, al\u00e9m de integrantes de movimentos de L\u00e9sbicas, <a class=\"leiamais\" href=\"https:\/\/centros.uepb.edu.br\/ccbsa\/campus-da-uepb-em-joao-pessoa-realiza-coloquio-sobre-direitos-da-mulher-e-lgbt\/\">Leia Mais&#8230;<\/a><\/p>\n","protected":false},"author":8,"featured_media":1876,"comment_status":"open","ping_status":"open","sticky":false,"template":"","format":"standard","meta":{"footnotes":""},"categories":[6],"tags":[],"class_list":["post-1875","post","type-post","status-publish","format-standard","has-post-thumbnail","hentry","category-slide"],"jetpack_featured_media_url":"https:\/\/centros.uepb.edu.br\/ccbsa\/files\/2014\/05\/SAM_7183.jpg","_links":{"self":[{"href":"https:\/\/centros.uepb.edu.br\/ccbsa\/wp-json\/wp\/v2\/posts\/1875","targetHints":{"allow":["GET"]}}],"collection":[{"href":"https:\/\/centros.uepb.edu.br\/ccbsa\/wp-json\/wp\/v2\/posts"}],"about":[{"href":"https:\/\/centros.uepb.edu.br\/ccbsa\/wp-json\/wp\/v2\/types\/post"}],"author":[{"embeddable":true,"href":"https:\/\/centros.uepb.edu.br\/ccbsa\/wp-json\/wp\/v2\/users\/8"}],"replies":[{"embeddable":true,"href":"https:\/\/centros.uepb.edu.br\/ccbsa\/wp-json\/wp\/v2\/comments?post=1875"}],"version-history":[{"count":0,"href":"https:\/\/centros.uepb.edu.br\/ccbsa\/wp-json\/wp\/v2\/posts\/1875\/revisions"}],"wp:featuredmedia":[{"embeddable":true,"href":"https:\/\/centros.uepb.edu.br\/ccbsa\/wp-json\/wp\/v2\/media\/1876"}],"wp:attachment":[{"href":"https:\/\/centros.uepb.edu.br\/ccbsa\/wp-json\/wp\/v2\/media?parent=1875"}],"wp:term":[{"taxonomy":"category","embeddable":true,"href":"https:\/\/centros.uepb.edu.br\/ccbsa\/wp-json\/wp\/v2\/categories?post=1875"},{"taxonomy":"post_tag","embeddable":true,"href":"https:\/\/centros.uepb.edu.br\/ccbsa\/wp-json\/wp\/v2\/tags?post=1875"}],"curies":[{"name":"wp","href":"https:\/\/api.w.org\/{rel}","templated":true}]}}